{"id":10030,"date":"2022-06-15T14:35:17","date_gmt":"2022-06-15T14:35:17","guid":{"rendered":"https:\/\/cortadoblog1.wpengine.com\/saas-leader-award-fuer-cortado\/"},"modified":"2025-01-10T09:38:56","modified_gmt":"2025-01-10T09:38:56","slug":"saas-leader-award-fuer-cortado","status":"publish","type":"post","link":"https:\/\/www.cortado.com\/de\/news\/saas-leader-award-fuer-cortado\/","title":{"rendered":"Cortado erh\u00e4lt SaaS Leader Award\u00a0"},"content":{"rendered":"\n<p class=\"has-medium-font-size\"><strong>Cortado Mobile Solutions wurde in der Kategorie IT Management &amp; Governance mit dem SaaS Leader Award 2022 ausgezeichnet. <\/strong><\/p>\n\n\n\n<figure class=\"wp-block-image size-full\"><img loading=\"lazy\" decoding=\"async\" width=\"1000\" height=\"610\" src=\"https:\/\/www.cortado.com\/wp-content\/uploads\/SaaS-Leader-Award-Handover.jpeg\" alt=\"SaaS Leader Award \u00dcbergabe\" class=\"wp-image-10817\" srcset=\"https:\/\/www.cortado.com\/wp-content\/uploads\/SaaS-Leader-Award-Handover.jpeg 1000w, https:\/\/www.cortado.com\/wp-content\/uploads\/SaaS-Leader-Award-Handover-300x183.jpeg 300w, https:\/\/www.cortado.com\/wp-content\/uploads\/SaaS-Leader-Award-Handover-768x468.jpeg 768w\" sizes=\"auto, (max-width: 1000px) 100vw, 1000px\" \/><figcaption class=\"wp-element-caption\">Michael R\u00f6diger (links im Bild), Kaufm\u00e4nnischer Leiter und Prokurist bei Cortado, freut sich \u00fcber die \u00dcbergabe des SaaS Leader Awards durch Frank T\u00fcrling (rechts im Bild), Gesch\u00e4ftsf\u00fchrer von CloudEcosystem.<\/figcaption><\/figure>\n\n\n\n<p>Mit dem Award ehrt die <a href=\"https:\/\/www.cloudecosystem.org\/\">CloudEcosystem<\/a> Community die wachstumsst\u00e4rksten SaaS Provider. Weiteres wichtiges Kriterium: Der Fokus der Anbieter liegt auf kleinen und mittelst\u00e4ndischen Unternehmen, und er muss auf der <a href=\"https:\/\/smartbusinesscloud.basaas.com\/app-store\" target=\"_blank\" rel=\"noreferrer noopener\">Smart Business Cloud<\/a> gelistet sein.\u00a0<\/p>\n\n\n\n<p>Frank T\u00fcrling, Gesch\u00e4ftsf\u00fchrer von CloudEcosystem, \u00fcberreichte die Urkunde an Michael R\u00f6diger, Kaufm\u00e4nnischer Leiter &amp; Prokurist von Cortado Mobile Solutions.&nbsp;&nbsp;<\/p>\n\n\n\n<p>\u201eWir freuen uns sehr \u00fcber diese Auszeichnung\u201c, so Michael R\u00f6diger. \u201eSie zeigt uns einmal mehr, dass wir mit unserer MDM-L\u00f6sung und unseren Cortado-Businessphones auf dem richtigen Weg sind, erfolgreich all das anzubieten, was Firmen brauchen, um mobil und produktiv arbeiten zu k\u00f6nnen.\u201c&nbsp;&nbsp;&nbsp;<\/p>\n\n\n\n<div style=\"height:25px\" aria-hidden=\"true\" class=\"wp-block-spacer\"><\/div>\n\n\n\n<div class=\"wp-block-media-text is-stacked-on-mobile is-image-fill  has-background\" style=\"background-color:#5d9200;\"><figure class=\"wp-block-media-text__media\" style=\"background-image:url(https:\/\/www.cortado.com\/wp-content\/uploads\/\/private-phones-company-1024x576.jpg);background-position:36% 59%\"><img loading=\"lazy\" decoding=\"async\" width=\"1024\" height=\"576\" src=\"https:\/\/www.cortado.com\/wp-content\/uploads\/\/private-phones-company-1024x576.jpg\" alt=\"Woman working at home with laptop and smartphone.\" class=\"wp-image-10308 size-full\" srcset=\"https:\/\/www.cortado.com\/wp-content\/uploads\/private-phones-company-1024x576.jpg 1024w, https:\/\/www.cortado.com\/wp-content\/uploads\/private-phones-company-300x169.jpg 300w, https:\/\/www.cortado.com\/wp-content\/uploads\/private-phones-company-768x432.jpg 768w, https:\/\/www.cortado.com\/wp-content\/uploads\/private-phones-company.jpg 1200w\" sizes=\"auto, (max-width: 1024px) 100vw, 1024px\" \/><\/figure><div class=\"wp-block-media-text__content\">\n<div style=\"height:50px\" aria-hidden=\"true\" class=\"wp-block-spacer\"><\/div>\n\n\n\n<p class=\"has-text-color has-link-color has-large-font-size wp-elements-753f3caaf30b19624a5558dbe7a4f757\" style=\"color:#ffffff\">Noch kein Cortado-Kunde?<\/p>\n\n\n\n<p class=\"has-text-color has-link-color has-medium-font-size wp-elements-b23acf186994b7215a9c70ace1534fe6\" style=\"color:#ffffff\">Testen Sie Cortado MDM kostenlos und unverbindlich!<\/p>\n\n\n\n<div style=\"height:15px\" aria-hidden=\"true\" class=\"wp-block-spacer\"><\/div>\n\n\n\n<div class=\"wp-block-buttons is-layout-flex wp-block-buttons-is-layout-flex\">\n<div class=\"wp-block-button is-style-outline is-style-outline--1\"><a class=\"wp-block-button__link has-text-color has-link-color wp-element-button\" href=\"\/de\/testen\/\" style=\"color:#ffffff\">Jetzt kostenlos testen<\/a><\/div>\n<\/div>\n\n\n\n<div style=\"height:50px\" aria-hidden=\"true\" class=\"wp-block-spacer\"><\/div>\n<\/div><\/div>\n","protected":false},"excerpt":{"rendered":"<p>Cortado Mobile Solutions wurde in der Kategorie IT Management &amp; Governance mit dem SaaS Leader Award 2022 ausgezeichnet. Mit dem Award ehrt die CloudEcosystem Community die wachstumsst\u00e4rksten SaaS Provider. Weiteres wichtiges Kriterium: Der Fokus der Anbieter liegt auf kleinen und mittelst\u00e4ndischen Unternehmen, und er muss auf der Smart Business Cloud gelistet sein.\u00a0 Frank T\u00fcrling, Gesch\u00e4ftsf\u00fchrer [&hellip;]<\/p>\n","protected":false},"author":8,"featured_media":10358,"comment_status":"closed","ping_status":"open","sticky":false,"template":"","format":"standard","meta":{"_acf_changed":false,"inline_featured_image":false,"advgb_blocks_editor_width":"","advgb_blocks_columns_visual_guide":"","footnotes":""},"categories":[1,10969],"tags":[],"class_list":["post-10030","post","type-post","status-publish","format-standard","has-post-thumbnail","hentry","category-news","category-unternehmensnews"],"acf":[],"yoast_head":"<!-- This site is optimized with the Yoast SEO Premium plugin v21.9 (Yoast SEO v27.3) - https:\/\/yoast.com\/product\/yoast-seo-premium-wordpress\/ -->\n<title>Cortado erh\u00e4lt SaaS Leader Award\u00a0<\/title>\n<meta name=\"description\" content=\"Die CloudEcosystem Community zeichnet Cortado Mobile Solutions in der Kategorie IT Management &amp; Governance mit dem SaaS Leader Award 2022 aus\" \/>\n<meta name=\"robots\" content=\"index, follow, max-snippet:-1, max-image-preview:large, max-video-preview:-1\" \/>\n<link rel=\"canonical\" href=\"https:\/\/www.cortado.com\/de\/news\/saas-leader-award-fuer-cortado\/\" \/>\n<meta property=\"og:locale\" content=\"de_DE\" \/>\n<meta property=\"og:type\" content=\"article\" \/>\n<meta property=\"og:title\" content=\"Cortado erh\u00e4lt SaaS Leader Award\u00a0\" \/>\n<meta property=\"og:description\" content=\"Die CloudEcosystem Community zeichnet Cortado Mobile Solutions in der Kategorie IT Management &amp; Governance mit dem SaaS Leader Award 2022 aus\" \/>\n<meta property=\"og:url\" content=\"https:\/\/www.cortado.com\/de\/news\/saas-leader-award-fuer-cortado\/\" \/>\n<meta property=\"og:site_name\" content=\"Cortado\" \/>\n<meta property=\"article:publisher\" content=\"https:\/\/www.facebook.com\/CortadoMobileSolutions\/\" \/>\n<meta property=\"article:published_time\" content=\"2022-06-15T14:35:17+00:00\" \/>\n<meta property=\"article:modified_time\" content=\"2025-01-10T09:38:56+00:00\" \/>\n<meta property=\"og:image\" content=\"https:\/\/www.cortado.com\/wp-content\/uploads\/SaaS-Leader-Award-Handover.jpeg\" \/>\n\t<meta property=\"og:image:width\" content=\"1000\" \/>\n\t<meta property=\"og:image:height\" content=\"610\" \/>\n\t<meta property=\"og:image:type\" content=\"image\/jpeg\" \/>\n<meta name=\"author\" content=\"Simone Fulton\" \/>\n<meta name=\"twitter:card\" content=\"summary_large_image\" \/>\n<meta name=\"twitter:creator\" content=\"@cortado_com\" \/>\n<meta name=\"twitter:site\" content=\"@cortado_com\" \/>\n<meta name=\"twitter:label1\" content=\"Verfasst von\" \/>\n\t<meta name=\"twitter:data1\" content=\"Simone Fulton\" \/>\n\t<meta name=\"twitter:label2\" content=\"Gesch\u00e4tzte Lesezeit\" \/>\n\t<meta name=\"twitter:data2\" content=\"2 Minuten\" \/>\n<script type=\"application\/ld+json\" class=\"yoast-schema-graph\">{\"@context\":\"https:\\\/\\\/schema.org\",\"@graph\":[{\"@type\":\"Article\",\"@id\":\"https:\\\/\\\/www.cortado.com\\\/de\\\/news\\\/saas-leader-award-fuer-cortado\\\/#article\",\"isPartOf\":{\"@id\":\"https:\\\/\\\/www.cortado.com\\\/de\\\/news\\\/saas-leader-award-fuer-cortado\\\/\"},\"author\":{\"name\":\"Simone Fulton\",\"@id\":\"https:\\\/\\\/www.cortado.com\\\/de\\\/#\\\/schema\\\/person\\\/a208d5b9f4830dc26b3fc3b59dd909ea\"},\"headline\":\"Cortado erh\u00e4lt SaaS Leader Award\u00a0\",\"datePublished\":\"2022-06-15T14:35:17+00:00\",\"dateModified\":\"2025-01-10T09:38:56+00:00\",\"mainEntityOfPage\":{\"@id\":\"https:\\\/\\\/www.cortado.com\\\/de\\\/news\\\/saas-leader-award-fuer-cortado\\\/\"},\"wordCount\":167,\"image\":{\"@id\":\"https:\\\/\\\/www.cortado.com\\\/de\\\/news\\\/saas-leader-award-fuer-cortado\\\/#primaryimage\"},\"thumbnailUrl\":\"https:\\\/\\\/www.cortado.com\\\/wp-content\\\/uploads\\\/Neu-in-Cortado-MDM-Label-1.png\",\"articleSection\":[\"Alle News &amp; Updates\",\"Unternehmens-News\"],\"inLanguage\":\"de-DE\"},{\"@type\":\"WebPage\",\"@id\":\"https:\\\/\\\/www.cortado.com\\\/de\\\/news\\\/saas-leader-award-fuer-cortado\\\/\",\"url\":\"https:\\\/\\\/www.cortado.com\\\/de\\\/news\\\/saas-leader-award-fuer-cortado\\\/\",\"name\":\"Cortado erh\u00e4lt SaaS Leader Award\u00a0\",\"isPartOf\":{\"@id\":\"https:\\\/\\\/www.cortado.com\\\/de\\\/#website\"},\"primaryImageOfPage\":{\"@id\":\"https:\\\/\\\/www.cortado.com\\\/de\\\/news\\\/saas-leader-award-fuer-cortado\\\/#primaryimage\"},\"image\":{\"@id\":\"https:\\\/\\\/www.cortado.com\\\/de\\\/news\\\/saas-leader-award-fuer-cortado\\\/#primaryimage\"},\"thumbnailUrl\":\"https:\\\/\\\/www.cortado.com\\\/wp-content\\\/uploads\\\/Neu-in-Cortado-MDM-Label-1.png\",\"datePublished\":\"2022-06-15T14:35:17+00:00\",\"dateModified\":\"2025-01-10T09:38:56+00:00\",\"author\":{\"@id\":\"https:\\\/\\\/www.cortado.com\\\/de\\\/#\\\/schema\\\/person\\\/a208d5b9f4830dc26b3fc3b59dd909ea\"},\"description\":\"Die CloudEcosystem Community zeichnet Cortado Mobile Solutions in der Kategorie IT Management & Governance mit dem SaaS Leader Award 2022 aus\",\"breadcrumb\":{\"@id\":\"https:\\\/\\\/www.cortado.com\\\/de\\\/news\\\/saas-leader-award-fuer-cortado\\\/#breadcrumb\"},\"inLanguage\":\"de-DE\",\"potentialAction\":[{\"@type\":\"ReadAction\",\"target\":[\"https:\\\/\\\/www.cortado.com\\\/de\\\/news\\\/saas-leader-award-fuer-cortado\\\/\"]}]},{\"@type\":\"ImageObject\",\"inLanguage\":\"de-DE\",\"@id\":\"https:\\\/\\\/www.cortado.com\\\/de\\\/news\\\/saas-leader-award-fuer-cortado\\\/#primaryimage\",\"url\":\"https:\\\/\\\/www.cortado.com\\\/wp-content\\\/uploads\\\/Neu-in-Cortado-MDM-Label-1.png\",\"contentUrl\":\"https:\\\/\\\/www.cortado.com\\\/wp-content\\\/uploads\\\/Neu-in-Cortado-MDM-Label-1.png\",\"width\":720,\"height\":720,\"caption\":\"Neu in Cortado MDM (Label)\"},{\"@type\":\"BreadcrumbList\",\"@id\":\"https:\\\/\\\/www.cortado.com\\\/de\\\/news\\\/saas-leader-award-fuer-cortado\\\/#breadcrumb\",\"itemListElement\":[{\"@type\":\"ListItem\",\"position\":1,\"name\":\"Home\",\"item\":\"https:\\\/\\\/www.cortado.com\\\/de\\\/\"},{\"@type\":\"ListItem\",\"position\":2,\"name\":\"Cortado erh\u00e4lt SaaS Leader Award\u00a0\"}]},{\"@type\":\"WebSite\",\"@id\":\"https:\\\/\\\/www.cortado.com\\\/de\\\/#website\",\"url\":\"https:\\\/\\\/www.cortado.com\\\/de\\\/\",\"name\":\"Cortado\",\"description\":\"\",\"potentialAction\":[{\"@type\":\"SearchAction\",\"target\":{\"@type\":\"EntryPoint\",\"urlTemplate\":\"https:\\\/\\\/www.cortado.com\\\/de\\\/?s={search_term_string}\"},\"query-input\":{\"@type\":\"PropertyValueSpecification\",\"valueRequired\":true,\"valueName\":\"search_term_string\"}}],\"inLanguage\":\"de-DE\"},{\"@type\":\"Person\",\"@id\":\"https:\\\/\\\/www.cortado.com\\\/de\\\/#\\\/schema\\\/person\\\/a208d5b9f4830dc26b3fc3b59dd909ea\",\"name\":\"Simone Fulton\",\"image\":{\"@type\":\"ImageObject\",\"inLanguage\":\"de-DE\",\"@id\":\"https:\\\/\\\/secure.gravatar.com\\\/avatar\\\/40636cdacf48abcbccbdd0b19f88fbab69252a38f765fb1d02b033d491a6f98f?s=96&d=mm&r=g\",\"url\":\"https:\\\/\\\/secure.gravatar.com\\\/avatar\\\/40636cdacf48abcbccbdd0b19f88fbab69252a38f765fb1d02b033d491a6f98f?s=96&d=mm&r=g\",\"contentUrl\":\"https:\\\/\\\/secure.gravatar.com\\\/avatar\\\/40636cdacf48abcbccbdd0b19f88fbab69252a38f765fb1d02b033d491a6f98f?s=96&d=mm&r=g\",\"caption\":\"Simone Fulton\"}}]}<\/script>\n<!-- \/ Yoast SEO Premium plugin. -->","yoast_head_json":{"title":"Cortado erh\u00e4lt SaaS Leader Award\u00a0","description":"Die CloudEcosystem Community zeichnet Cortado Mobile Solutions in der Kategorie IT Management & Governance mit dem SaaS Leader Award 2022 aus","robots":{"index":"index","follow":"follow","max-snippet":"max-snippet:-1","max-image-preview":"max-image-preview:large","max-video-preview":"max-video-preview:-1"},"canonical":"https:\/\/www.cortado.com\/de\/news\/saas-leader-award-fuer-cortado\/","og_locale":"de_DE","og_type":"article","og_title":"Cortado erh\u00e4lt SaaS Leader Award\u00a0","og_description":"Die CloudEcosystem Community zeichnet Cortado Mobile Solutions in der Kategorie IT Management & Governance mit dem SaaS Leader Award 2022 aus","og_url":"https:\/\/www.cortado.com\/de\/news\/saas-leader-award-fuer-cortado\/","og_site_name":"Cortado","article_publisher":"https:\/\/www.facebook.com\/CortadoMobileSolutions\/","article_published_time":"2022-06-15T14:35:17+00:00","article_modified_time":"2025-01-10T09:38:56+00:00","og_image":[{"width":1000,"height":610,"url":"https:\/\/www.cortado.com\/wp-content\/uploads\/SaaS-Leader-Award-Handover.jpeg","type":"image\/jpeg"}],"author":"Simone Fulton","twitter_card":"summary_large_image","twitter_creator":"@cortado_com","twitter_site":"@cortado_com","twitter_misc":{"Verfasst von":"Simone Fulton","Gesch\u00e4tzte Lesezeit":"2 Minuten"},"schema":{"@context":"https:\/\/schema.org","@graph":[{"@type":"Article","@id":"https:\/\/www.cortado.com\/de\/news\/saas-leader-award-fuer-cortado\/#article","isPartOf":{"@id":"https:\/\/www.cortado.com\/de\/news\/saas-leader-award-fuer-cortado\/"},"author":{"name":"Simone Fulton","@id":"https:\/\/www.cortado.com\/de\/#\/schema\/person\/a208d5b9f4830dc26b3fc3b59dd909ea"},"headline":"Cortado erh\u00e4lt SaaS Leader Award\u00a0","datePublished":"2022-06-15T14:35:17+00:00","dateModified":"2025-01-10T09:38:56+00:00","mainEntityOfPage":{"@id":"https:\/\/www.cortado.com\/de\/news\/saas-leader-award-fuer-cortado\/"},"wordCount":167,"image":{"@id":"https:\/\/www.cortado.com\/de\/news\/saas-leader-award-fuer-cortado\/#primaryimage"},"thumbnailUrl":"https:\/\/www.cortado.com\/wp-content\/uploads\/Neu-in-Cortado-MDM-Label-1.png","articleSection":["Alle News &amp; Updates","Unternehmens-News"],"inLanguage":"de-DE"},{"@type":"WebPage","@id":"https:\/\/www.cortado.com\/de\/news\/saas-leader-award-fuer-cortado\/","url":"https:\/\/www.cortado.com\/de\/news\/saas-leader-award-fuer-cortado\/","name":"Cortado erh\u00e4lt SaaS Leader Award\u00a0","isPartOf":{"@id":"https:\/\/www.cortado.com\/de\/#website"},"primaryImageOfPage":{"@id":"https:\/\/www.cortado.com\/de\/news\/saas-leader-award-fuer-cortado\/#primaryimage"},"image":{"@id":"https:\/\/www.cortado.com\/de\/news\/saas-leader-award-fuer-cortado\/#primaryimage"},"thumbnailUrl":"https:\/\/www.cortado.com\/wp-content\/uploads\/Neu-in-Cortado-MDM-Label-1.png","datePublished":"2022-06-15T14:35:17+00:00","dateModified":"2025-01-10T09:38:56+00:00","author":{"@id":"https:\/\/www.cortado.com\/de\/#\/schema\/person\/a208d5b9f4830dc26b3fc3b59dd909ea"},"description":"Die CloudEcosystem Community zeichnet Cortado Mobile Solutions in der Kategorie IT Management & Governance mit dem SaaS Leader Award 2022 aus","breadcrumb":{"@id":"https:\/\/www.cortado.com\/de\/news\/saas-leader-award-fuer-cortado\/#breadcrumb"},"inLanguage":"de-DE","potentialAction":[{"@type":"ReadAction","target":["https:\/\/www.cortado.com\/de\/news\/saas-leader-award-fuer-cortado\/"]}]},{"@type":"ImageObject","inLanguage":"de-DE","@id":"https:\/\/www.cortado.com\/de\/news\/saas-leader-award-fuer-cortado\/#primaryimage","url":"https:\/\/www.cortado.com\/wp-content\/uploads\/Neu-in-Cortado-MDM-Label-1.png","contentUrl":"https:\/\/www.cortado.com\/wp-content\/uploads\/Neu-in-Cortado-MDM-Label-1.png","width":720,"height":720,"caption":"Neu in Cortado MDM (Label)"},{"@type":"BreadcrumbList","@id":"https:\/\/www.cortado.com\/de\/news\/saas-leader-award-fuer-cortado\/#breadcrumb","itemListElement":[{"@type":"ListItem","position":1,"name":"Home","item":"https:\/\/www.cortado.com\/de\/"},{"@type":"ListItem","position":2,"name":"Cortado erh\u00e4lt SaaS Leader Award\u00a0"}]},{"@type":"WebSite","@id":"https:\/\/www.cortado.com\/de\/#website","url":"https:\/\/www.cortado.com\/de\/","name":"Cortado","description":"","potentialAction":[{"@type":"SearchAction","target":{"@type":"EntryPoint","urlTemplate":"https:\/\/www.cortado.com\/de\/?s={search_term_string}"},"query-input":{"@type":"PropertyValueSpecification","valueRequired":true,"valueName":"search_term_string"}}],"inLanguage":"de-DE"},{"@type":"Person","@id":"https:\/\/www.cortado.com\/de\/#\/schema\/person\/a208d5b9f4830dc26b3fc3b59dd909ea","name":"Simone Fulton","image":{"@type":"ImageObject","inLanguage":"de-DE","@id":"https:\/\/secure.gravatar.com\/avatar\/40636cdacf48abcbccbdd0b19f88fbab69252a38f765fb1d02b033d491a6f98f?s=96&d=mm&r=g","url":"https:\/\/secure.gravatar.com\/avatar\/40636cdacf48abcbccbdd0b19f88fbab69252a38f765fb1d02b033d491a6f98f?s=96&d=mm&r=g","contentUrl":"https:\/\/secure.gravatar.com\/avatar\/40636cdacf48abcbccbdd0b19f88fbab69252a38f765fb1d02b033d491a6f98f?s=96&d=mm&r=g","caption":"Simone Fulton"}}]}},"author_meta":{"display_name":"Simone Fulton","author_link":"https:\/\/www.cortado.com\/de\/author\/siklu\/"},"featured_img":"https:\/\/www.cortado.com\/wp-content\/uploads\/Neu-in-Cortado-MDM-Label-1-300x300.png","coauthors":[],"tax_additional":{"categories":{"linked":["<a href=\"https:\/\/www.cortado.com\/de\/kategorie\/news\/\" class=\"advgb-post-tax-term\">Alle News &amp; Updates<\/a>","<a href=\"https:\/\/www.cortado.com\/de\/kategorie\/unternehmensnews\/\" class=\"advgb-post-tax-term\">Unternehmens-News<\/a>"],"unlinked":["<span class=\"advgb-post-tax-term\">Alle News &amp; Updates<\/span>","<span class=\"advgb-post-tax-term\">Unternehmens-News<\/span>"]}},"comment_count":"0","relative_dates":{"created":"Ver\u00f6ffentlicht 4 Jahren vor","modified":"Aktualisiert 1 Jahr vor"},"absolute_dates":{"created":"Ver\u00f6ffentlicht am Juni 15, 2022","modified":"Aktualisiert am Januar 10, 2025"},"absolute_dates_time":{"created":"Ver\u00f6ffentlicht am Juni 15, 2022 2:35 pm","modified":"Aktualisiert am Januar 10, 2025 9:38 am"},"featured_img_caption":"","series_order":"","_links":{"self":[{"href":"https:\/\/www.cortado.com\/de\/wp-json\/wp\/v2\/posts\/10030","targetHints":{"allow":["GET"]}}],"collection":[{"href":"https:\/\/www.cortado.com\/de\/wp-json\/wp\/v2\/posts"}],"about":[{"href":"https:\/\/www.cortado.com\/de\/wp-json\/wp\/v2\/types\/post"}],"author":[{"embeddable":true,"href":"https:\/\/www.cortado.com\/de\/wp-json\/wp\/v2\/users\/8"}],"replies":[{"embeddable":true,"href":"https:\/\/www.cortado.com\/de\/wp-json\/wp\/v2\/comments?post=10030"}],"version-history":[{"count":0,"href":"https:\/\/www.cortado.com\/de\/wp-json\/wp\/v2\/posts\/10030\/revisions"}],"wp:featuredmedia":[{"embeddable":true,"href":"https:\/\/www.cortado.com\/de\/wp-json\/wp\/v2\/media\/10358"}],"wp:attachment":[{"href":"https:\/\/www.cortado.com\/de\/wp-json\/wp\/v2\/media?parent=10030"}],"wp:term":[{"taxonomy":"category","embeddable":true,"href":"https:\/\/www.cortado.com\/de\/wp-json\/wp\/v2\/categories?post=10030"},{"taxonomy":"post_tag","embeddable":true,"href":"https:\/\/www.cortado.com\/de\/wp-json\/wp\/v2\/tags?post=10030"}],"curies":[{"name":"wp","href":"https:\/\/api.w.org\/{rel}","templated":true}]}}