{"id":10048,"date":"2023-03-29T14:17:54","date_gmt":"2023-03-29T14:17:54","guid":{"rendered":"https:\/\/cortadoblog1.wpengine.com\/nachhaltige-smartphones-von-renewd\/"},"modified":"2025-01-10T09:36:12","modified_gmt":"2025-01-10T09:36:12","slug":"nachhaltige-smartphones-von-renewd","status":"publish","type":"post","link":"https:\/\/www.cortado.com\/de\/news\/nachhaltige-smartphones-von-renewd\/","title":{"rendered":"Nachhaltige Smartphones: Renewd\u00ae schenkt Ger\u00e4ten ein 2. Leben"},"content":{"rendered":"\n<p class=\"has-medium-font-size\"><strong>Im Rahmen einer Partnerschaft vertreibt Cortado Mobile Solutions <a href=\"https:\/\/www.renewd.com\/de\" target=\"_blank\" rel=\"noreferrer noopener\">Renewd\u00ae<\/a>-Smartphones in Miete oder Kauf. Wir sprachen mit Abdoulai Jaiteh, Regional Manager DACH bei Renewd\u00ae \u00fcber die Philosophie und Strategie des Unternehmens.   <\/strong><\/p>\n\n\n<div class=\"wp-block-image\">\n<figure class=\"alignright size-full is-resized\"><img loading=\"lazy\" decoding=\"async\" width=\"652\" height=\"1024\" src=\"https:\/\/www.cortado.com\/wp-content\/uploads\/Abdoulai-Jaiteh1-652x1024-1.png\" alt=\"Nachhaltige Smartphones liegen im am Herzen: Abdoulai Jaiteh, Regional Manager DACH bei Renewd\" class=\"wp-image-10854\" style=\"width:437px;height:686px\" srcset=\"https:\/\/www.cortado.com\/wp-content\/uploads\/Abdoulai-Jaiteh1-652x1024-1.png 652w, https:\/\/www.cortado.com\/wp-content\/uploads\/Abdoulai-Jaiteh1-652x1024-1-191x300.png 191w\" sizes=\"auto, (max-width: 652px) 100vw, 652px\" \/><figcaption class=\"wp-element-caption\">Nachhaltige Smartphones liegen im am Herzen: Abdoulai Jaiteh, Regional Manager DACH bei Renewd<\/figcaption><\/figure>\n<\/div>\n\n\n<p><strong>K\u00f6nnen Sie bitte Ihre Firma und Ihre Firmenphilosophie vorstellen.\u00a0<\/strong><\/p>\n\n\n\n<p><strong>Abdoulai Jaiteh<\/strong>: Renewd\u00ae m\u00f6chte gebrauchten Ger\u00e4ten ein zweites Leben geben und zu einer nachhaltigeren Zukunft f\u00fcr Menschen und Planeten beitragen. Unser Ziel ist es, den weltweiten Elektroschrott und den \u00f6kologischen Fu\u00dfabdruck zu reduzieren, indem wir nachhaltige Entscheidungen erschwinglicher machen. Dies wird durch Produkte erreicht, die strengsten Kontrollen unterzogen werden, 100 % Originalteile enthalten und eine zweij\u00e4hrige Garantie beinhalten.<\/p>\n\n\n\n<p><strong>Was ist das Besondere an nachhaltigen Smartphones von Renewd\u00ae?<\/strong><\/p>\n\n\n\n<p><strong>Abdoulai Jaiteh<\/strong>: Wir alle bei Renewd\u00ae glauben, dass wir gemeinsam mit unseren Produkten, unseren Partnern und unserer Art, Gesch\u00e4fte zu machen, einen echten Unterschied machen k\u00f6nnen. Wir setzen uns daf\u00fcr ein, das Bewusstsein der Verbraucher zu sch\u00e4rfen und nachhaltige Entscheidungen erschwinglicher zu machen, und zwar durch Produkte, die strengsten Kontrollen unterzogen werden, zu 100 % aus Originalteilen bestehen und eine zweij\u00e4hrige Garantie enthalten.<\/p>\n\n\n\n<p><strong>Warum verwenden Sie f\u00fcr Ihre nachhaltigen Smartphones nicht den Begriff Refurbished? Was ist der Unterschied zwischen Renewd\u00ae und Refurbished?<\/strong><\/p>\n\n\n\n<p><strong>Abdoulai Jaiteh<\/strong>: Wir m\u00f6chten unsere Marke von anderen Refurbished-Marken unterscheiden, weil wir keine Teile austauschen, mit Ausnahme des Akkus. Unsere Ger\u00e4te werden zun\u00e4chst kosmetisch getestet und dann auf ihre Funktionalit\u00e4t \u00fcberpr\u00fcft. Wenn etwas nicht funktioniert oder nicht original ist, durchl\u00e4uft das Ger\u00e4t nicht den Rest der Qualit\u00e4tskontrolle. Am Ende f\u00fchren die Ger\u00e4te ein neues Leben, das so gut ist wie ihr erstes Leben.<\/p>\n\n\n\n<p><strong>Wer kauft nachhaltige Smartphones?<\/strong><\/p>\n\n\n\n<p><strong><strong>Abdoulai Jaiteh<\/strong><\/strong>: Wir haben mehrere offizielle Partner in ganz Europa, die unsere Produkte verkaufen, Betreiber, Distributoren und Wiederverk\u00e4ufer, darunter bekannte Namen wie Magenta,ENO, Drei und Alternate.<\/p>\n\n\n\n<p><strong>Wieviel besser ist denn ein Renewd\u00ae Ger\u00e4t f\u00fcr die Umwelt im Vergleich zu einem herk\u00f6mmlichen neuen Ger\u00e4t?<\/strong><\/p>\n\n\n\n<p><strong>Abdoulai Jaiteh<\/strong>: Wir von Renewd\u00ae verl\u00e4ngern die Lebensdauer gebrauchter Ger\u00e4te und verhindern, dass sie vorzeitig als Elektroschrott enden, wodurch wir viele wertvolle Ressourcen einsparen. Mehrere Tonnen CO2 werden nicht in die Atmosph\u00e4re freigesetzt und 100 Liter Wasser werden nicht verschwendet.&nbsp;<\/p>\n\n\n\n<p><strong>Merken Sie, dass es einen Bewusstseinswandel hin zu mehr Nachhaltigkeit gibt oder werden die Ger\u00e4te eher aus Kostenspargr\u00fcnden eben nicht neu gekauft?<\/strong><\/p>\n\n\n\n<p><strong>Abdoulai Jaiteh<\/strong>: Das Wachstum des Refurbished-Marktes nimmt betr\u00e4chtlich zu, was damit zusammenh\u00e4ngt, dass die Bed\u00fcrfnisse der Verbraucher nach einem funktionalen Ger\u00e4t von einer A-Marke in Kombination mit externen Faktoren wie der Inflation die Verbraucher dazu bringen, nach Alternativen auf dem Markt zu suchen, die ihre Bed\u00fcrfnisse erf\u00fcllen und ihnen gleichzeitig die M\u00f6glichkeit geben, einen positiven Einfluss auf die Umwelt zu nehmen.<\/p>\n\n\n\n<p><strong>Was genau machen Sie denn mit den Ger\u00e4ten, bevor Sie unter Ihrer Marke verkauft werden? Welche Pr\u00fcfungen muss ein Ger\u00e4t durchlaufen? Werden manchmal auch Teile der Hardware ausgetauscht? &nbsp;&nbsp;<\/strong><\/p>\n\n\n\n<p><strong>Abdoulai Jaiteh<\/strong>: Unsere Ger\u00e4te werden von zertifizierten Fachleuten in mehr als 80 Punkten auf Herz und Nieren gepr\u00fcft. Zun\u00e4chst werden sie einem kosmetischen Check unterzogen. Dann werden die Teile auf ihre Echtheit gepr\u00fcft. Auch die Batterie wird direkt getestet und muss einen Mindestprozentsatz aufweisen, um zugelassen zu werden. Ansonsten wird sie durch eine neue Originalbatterie ersetzt.<\/p>\n\n\n\n<p><strong>Welche Ger\u00e4te sind Ihr Verkaufsschlager?<\/strong><\/p>\n\n\n\n<p><strong>Abdoulai Jaiteh<\/strong>: Bestseller sind Renewd\u00ae Apple Produkte.<\/p>\n\n\n\n<p><strong>Und nun noch eine privatere Frage: Was f\u00fcr ein Ger\u00e4t nutzen Sie selbst? Und warum arbeiten Sie mit diesem am liebsten?&nbsp;<\/strong><\/p>\n\n\n\n<p><strong>Abdoulai Jaiteh<\/strong>: Ich benutze ein Renewd\u00ae iPhone 12. Ich bin sehr zufrieden mit diesem Modell, wegen des Designs, der Gr\u00f6\u00dfe und der Softwarefunktionen des iOS-Systems. Es hat minimale Benutzerspuren, die f\u00fcr das Auge fast unsichtbar sind. Nat\u00fcrlich ist es auch ein Schl\u00fcsselelement, auf das wir stolz sein k\u00f6nnen, Teil der positiven Auswirkungen zu sein, die wir auf die Umwelt haben. Die Verringerung des CO2-Fu\u00dfabdrucks ist ein Thema, das mir wirklich am Herzen liegt.<\/p>\n\n\n\n<p><strong>Herr Jaiteh, wir danken Ihnen f\u00fcr das Gespr\u00e4ch!<\/strong> <\/p>\n\n\n\n<p> <\/p>\n\n\n\n<div class=\"wp-block-media-text is-stacked-on-mobile is-image-fill  has-background\" style=\"background-color:#5d9200;\"><figure class=\"wp-block-media-text__media\" style=\"background-image:url(https:\/\/www.cortado.com\/wp-content\/uploads\/\/private-phones-company-1024x576.jpg);background-position:36% 59%\"><img loading=\"lazy\" decoding=\"async\" width=\"1024\" height=\"576\" src=\"https:\/\/www.cortado.com\/wp-content\/uploads\/\/private-phones-company-1024x576.jpg\" alt=\"Woman working at home with laptop and smartphone.\" class=\"wp-image-10308 size-full\" srcset=\"https:\/\/www.cortado.com\/wp-content\/uploads\/private-phones-company-1024x576.jpg 1024w, https:\/\/www.cortado.com\/wp-content\/uploads\/private-phones-company-300x169.jpg 300w, https:\/\/www.cortado.com\/wp-content\/uploads\/private-phones-company-768x432.jpg 768w, https:\/\/www.cortado.com\/wp-content\/uploads\/private-phones-company.jpg 1200w\" sizes=\"auto, (max-width: 1024px) 100vw, 1024px\" \/><\/figure><div class=\"wp-block-media-text__content\">\n<div style=\"height:50px\" aria-hidden=\"true\" class=\"wp-block-spacer\"><\/div>\n\n\n\n<p class=\"has-text-color has-link-color has-large-font-size wp-elements-753f3caaf30b19624a5558dbe7a4f757\" style=\"color:#ffffff\">Noch kein Cortado-Kunde?<\/p>\n\n\n\n<p class=\"has-text-color has-link-color has-medium-font-size wp-elements-b23acf186994b7215a9c70ace1534fe6\" style=\"color:#ffffff\">Testen Sie Cortado MDM kostenlos und unverbindlich!<\/p>\n\n\n\n<div style=\"height:15px\" aria-hidden=\"true\" class=\"wp-block-spacer\"><\/div>\n\n\n\n<div class=\"wp-block-buttons is-layout-flex wp-block-buttons-is-layout-flex\">\n<div class=\"wp-block-button is-style-outline is-style-outline--1\"><a class=\"wp-block-button__link has-text-color has-link-color wp-element-button\" href=\"\/de\/testen\/\" style=\"color:#ffffff\">Jetzt kostenlos testen<\/a><\/div>\n<\/div>\n\n\n\n<div style=\"height:50px\" aria-hidden=\"true\" class=\"wp-block-spacer\"><\/div>\n<\/div><\/div>\n","protected":false},"excerpt":{"rendered":"<p>Nachhaltige Smartphones von Renewd: Wir sprachen mit Regional Manager DACH Abdoulai Jaiteh \u00fcber die Philosophie des Unternehmens.   <\/p>\n","protected":false},"author":8,"featured_media":10358,"comment_status":"closed","ping_status":"open","sticky":false,"template":"","format":"standard","meta":{"_acf_changed":false,"inline_featured_image":false,"advgb_blocks_editor_width":"","advgb_blocks_columns_visual_guide":"","footnotes":""},"categories":[1,10969],"tags":[],"class_list":["post-10048","post","type-post","status-publish","format-standard","has-post-thumbnail","hentry","category-news","category-unternehmensnews"],"acf":[],"yoast_head":"<!-- This site is optimized with the Yoast SEO Premium plugin v21.9 (Yoast SEO v27.3) - https:\/\/yoast.com\/product\/yoast-seo-premium-wordpress\/ -->\n<title>Renewd\u00ae - 2. Leben f\u00fcr Smartphones<\/title>\n<meta name=\"description\" content=\"Nachhaltige Smartphones von Renewd: Wir sprachen mit Regional Manager DACH Abdoulai Jaiteh \u00fcber die Philosophie des Unternehmens.\" \/>\n<meta name=\"robots\" content=\"index, follow, max-snippet:-1, max-image-preview:large, max-video-preview:-1\" \/>\n<link rel=\"canonical\" href=\"https:\/\/www.cortado.com\/de\/news\/nachhaltige-smartphones-von-renewd\/\" \/>\n<meta property=\"og:locale\" content=\"de_DE\" \/>\n<meta property=\"og:type\" content=\"article\" \/>\n<meta property=\"og:title\" content=\"Nachhaltige Smartphones: Renewd\u00ae schenkt Ger\u00e4ten ein 2. Leben\" \/>\n<meta property=\"og:description\" content=\"Nachhaltige Smartphones von Renewd: Wir sprachen mit Regional Manager DACH Abdoulai Jaiteh \u00fcber die Philosophie des Unternehmens.\" \/>\n<meta property=\"og:url\" content=\"https:\/\/www.cortado.com\/de\/news\/nachhaltige-smartphones-von-renewd\/\" \/>\n<meta property=\"og:site_name\" content=\"Cortado\" \/>\n<meta property=\"article:publisher\" content=\"https:\/\/www.facebook.com\/CortadoMobileSolutions\/\" \/>\n<meta property=\"article:published_time\" content=\"2023-03-29T14:17:54+00:00\" \/>\n<meta property=\"article:modified_time\" content=\"2025-01-10T09:36:12+00:00\" \/>\n<meta property=\"og:image\" content=\"https:\/\/www.cortado.com\/wp-content\/uploads\/Neu-in-Cortado-MDM-Label-1.png\" \/>\n\t<meta property=\"og:image:width\" content=\"720\" \/>\n\t<meta property=\"og:image:height\" content=\"720\" \/>\n\t<meta property=\"og:image:type\" content=\"image\/png\" \/>\n<meta name=\"author\" content=\"Simone Fulton\" \/>\n<meta name=\"twitter:card\" content=\"summary_large_image\" \/>\n<meta name=\"twitter:creator\" content=\"@cortado_com\" \/>\n<meta name=\"twitter:site\" content=\"@cortado_com\" \/>\n<meta name=\"twitter:label1\" content=\"Verfasst von\" \/>\n\t<meta name=\"twitter:data1\" content=\"Simone Fulton\" \/>\n\t<meta name=\"twitter:label2\" content=\"Gesch\u00e4tzte Lesezeit\" \/>\n\t<meta name=\"twitter:data2\" content=\"4 Minuten\" \/>\n<script type=\"application\/ld+json\" class=\"yoast-schema-graph\">{\"@context\":\"https:\\\/\\\/schema.org\",\"@graph\":[{\"@type\":\"Article\",\"@id\":\"https:\\\/\\\/www.cortado.com\\\/de\\\/news\\\/nachhaltige-smartphones-von-renewd\\\/#article\",\"isPartOf\":{\"@id\":\"https:\\\/\\\/www.cortado.com\\\/de\\\/news\\\/nachhaltige-smartphones-von-renewd\\\/\"},\"author\":{\"name\":\"Simone Fulton\",\"@id\":\"https:\\\/\\\/www.cortado.com\\\/de\\\/#\\\/schema\\\/person\\\/a208d5b9f4830dc26b3fc3b59dd909ea\"},\"headline\":\"Nachhaltige Smartphones: Renewd\u00ae schenkt Ger\u00e4ten ein 2. Leben\",\"datePublished\":\"2023-03-29T14:17:54+00:00\",\"dateModified\":\"2025-01-10T09:36:12+00:00\",\"mainEntityOfPage\":{\"@id\":\"https:\\\/\\\/www.cortado.com\\\/de\\\/news\\\/nachhaltige-smartphones-von-renewd\\\/\"},\"wordCount\":697,\"image\":{\"@id\":\"https:\\\/\\\/www.cortado.com\\\/de\\\/news\\\/nachhaltige-smartphones-von-renewd\\\/#primaryimage\"},\"thumbnailUrl\":\"https:\\\/\\\/www.cortado.com\\\/wp-content\\\/uploads\\\/Neu-in-Cortado-MDM-Label-1.png\",\"articleSection\":[\"Alle News &amp; Updates\",\"Unternehmens-News\"],\"inLanguage\":\"de-DE\"},{\"@type\":\"WebPage\",\"@id\":\"https:\\\/\\\/www.cortado.com\\\/de\\\/news\\\/nachhaltige-smartphones-von-renewd\\\/\",\"url\":\"https:\\\/\\\/www.cortado.com\\\/de\\\/news\\\/nachhaltige-smartphones-von-renewd\\\/\",\"name\":\"Renewd\u00ae - 2. Leben f\u00fcr Smartphones\",\"isPartOf\":{\"@id\":\"https:\\\/\\\/www.cortado.com\\\/de\\\/#website\"},\"primaryImageOfPage\":{\"@id\":\"https:\\\/\\\/www.cortado.com\\\/de\\\/news\\\/nachhaltige-smartphones-von-renewd\\\/#primaryimage\"},\"image\":{\"@id\":\"https:\\\/\\\/www.cortado.com\\\/de\\\/news\\\/nachhaltige-smartphones-von-renewd\\\/#primaryimage\"},\"thumbnailUrl\":\"https:\\\/\\\/www.cortado.com\\\/wp-content\\\/uploads\\\/Neu-in-Cortado-MDM-Label-1.png\",\"datePublished\":\"2023-03-29T14:17:54+00:00\",\"dateModified\":\"2025-01-10T09:36:12+00:00\",\"author\":{\"@id\":\"https:\\\/\\\/www.cortado.com\\\/de\\\/#\\\/schema\\\/person\\\/a208d5b9f4830dc26b3fc3b59dd909ea\"},\"description\":\"Nachhaltige Smartphones von Renewd: Wir sprachen mit Regional Manager DACH Abdoulai Jaiteh \u00fcber die Philosophie des Unternehmens.\",\"breadcrumb\":{\"@id\":\"https:\\\/\\\/www.cortado.com\\\/de\\\/news\\\/nachhaltige-smartphones-von-renewd\\\/#breadcrumb\"},\"inLanguage\":\"de-DE\",\"potentialAction\":[{\"@type\":\"ReadAction\",\"target\":[\"https:\\\/\\\/www.cortado.com\\\/de\\\/news\\\/nachhaltige-smartphones-von-renewd\\\/\"]}]},{\"@type\":\"ImageObject\",\"inLanguage\":\"de-DE\",\"@id\":\"https:\\\/\\\/www.cortado.com\\\/de\\\/news\\\/nachhaltige-smartphones-von-renewd\\\/#primaryimage\",\"url\":\"https:\\\/\\\/www.cortado.com\\\/wp-content\\\/uploads\\\/Neu-in-Cortado-MDM-Label-1.png\",\"contentUrl\":\"https:\\\/\\\/www.cortado.com\\\/wp-content\\\/uploads\\\/Neu-in-Cortado-MDM-Label-1.png\",\"width\":720,\"height\":720,\"caption\":\"Neu in Cortado MDM (Label)\"},{\"@type\":\"BreadcrumbList\",\"@id\":\"https:\\\/\\\/www.cortado.com\\\/de\\\/news\\\/nachhaltige-smartphones-von-renewd\\\/#breadcrumb\",\"itemListElement\":[{\"@type\":\"ListItem\",\"position\":1,\"name\":\"Home\",\"item\":\"https:\\\/\\\/www.cortado.com\\\/de\\\/\"},{\"@type\":\"ListItem\",\"position\":2,\"name\":\"Nachhaltige Smartphones: Renewd\u00ae schenkt Ger\u00e4ten ein 2. Leben\"}]},{\"@type\":\"WebSite\",\"@id\":\"https:\\\/\\\/www.cortado.com\\\/de\\\/#website\",\"url\":\"https:\\\/\\\/www.cortado.com\\\/de\\\/\",\"name\":\"Cortado\",\"description\":\"\",\"potentialAction\":[{\"@type\":\"SearchAction\",\"target\":{\"@type\":\"EntryPoint\",\"urlTemplate\":\"https:\\\/\\\/www.cortado.com\\\/de\\\/?s={search_term_string}\"},\"query-input\":{\"@type\":\"PropertyValueSpecification\",\"valueRequired\":true,\"valueName\":\"search_term_string\"}}],\"inLanguage\":\"de-DE\"},{\"@type\":\"Person\",\"@id\":\"https:\\\/\\\/www.cortado.com\\\/de\\\/#\\\/schema\\\/person\\\/a208d5b9f4830dc26b3fc3b59dd909ea\",\"name\":\"Simone Fulton\",\"image\":{\"@type\":\"ImageObject\",\"inLanguage\":\"de-DE\",\"@id\":\"https:\\\/\\\/secure.gravatar.com\\\/avatar\\\/40636cdacf48abcbccbdd0b19f88fbab69252a38f765fb1d02b033d491a6f98f?s=96&d=mm&r=g\",\"url\":\"https:\\\/\\\/secure.gravatar.com\\\/avatar\\\/40636cdacf48abcbccbdd0b19f88fbab69252a38f765fb1d02b033d491a6f98f?s=96&d=mm&r=g\",\"contentUrl\":\"https:\\\/\\\/secure.gravatar.com\\\/avatar\\\/40636cdacf48abcbccbdd0b19f88fbab69252a38f765fb1d02b033d491a6f98f?s=96&d=mm&r=g\",\"caption\":\"Simone Fulton\"}}]}<\/script>\n<!-- \/ Yoast SEO Premium plugin. -->","yoast_head_json":{"title":"Renewd\u00ae - 2. Leben f\u00fcr Smartphones","description":"Nachhaltige Smartphones von Renewd: Wir sprachen mit Regional Manager DACH Abdoulai Jaiteh \u00fcber die Philosophie des Unternehmens.","robots":{"index":"index","follow":"follow","max-snippet":"max-snippet:-1","max-image-preview":"max-image-preview:large","max-video-preview":"max-video-preview:-1"},"canonical":"https:\/\/www.cortado.com\/de\/news\/nachhaltige-smartphones-von-renewd\/","og_locale":"de_DE","og_type":"article","og_title":"Nachhaltige Smartphones: Renewd\u00ae schenkt Ger\u00e4ten ein 2. Leben","og_description":"Nachhaltige Smartphones von Renewd: Wir sprachen mit Regional Manager DACH Abdoulai Jaiteh \u00fcber die Philosophie des Unternehmens.","og_url":"https:\/\/www.cortado.com\/de\/news\/nachhaltige-smartphones-von-renewd\/","og_site_name":"Cortado","article_publisher":"https:\/\/www.facebook.com\/CortadoMobileSolutions\/","article_published_time":"2023-03-29T14:17:54+00:00","article_modified_time":"2025-01-10T09:36:12+00:00","og_image":[{"width":720,"height":720,"url":"https:\/\/www.cortado.com\/wp-content\/uploads\/Neu-in-Cortado-MDM-Label-1.png","type":"image\/png"}],"author":"Simone Fulton","twitter_card":"summary_large_image","twitter_creator":"@cortado_com","twitter_site":"@cortado_com","twitter_misc":{"Verfasst von":"Simone Fulton","Gesch\u00e4tzte Lesezeit":"4 Minuten"},"schema":{"@context":"https:\/\/schema.org","@graph":[{"@type":"Article","@id":"https:\/\/www.cortado.com\/de\/news\/nachhaltige-smartphones-von-renewd\/#article","isPartOf":{"@id":"https:\/\/www.cortado.com\/de\/news\/nachhaltige-smartphones-von-renewd\/"},"author":{"name":"Simone Fulton","@id":"https:\/\/www.cortado.com\/de\/#\/schema\/person\/a208d5b9f4830dc26b3fc3b59dd909ea"},"headline":"Nachhaltige Smartphones: Renewd\u00ae schenkt Ger\u00e4ten ein 2. Leben","datePublished":"2023-03-29T14:17:54+00:00","dateModified":"2025-01-10T09:36:12+00:00","mainEntityOfPage":{"@id":"https:\/\/www.cortado.com\/de\/news\/nachhaltige-smartphones-von-renewd\/"},"wordCount":697,"image":{"@id":"https:\/\/www.cortado.com\/de\/news\/nachhaltige-smartphones-von-renewd\/#primaryimage"},"thumbnailUrl":"https:\/\/www.cortado.com\/wp-content\/uploads\/Neu-in-Cortado-MDM-Label-1.png","articleSection":["Alle News &amp; Updates","Unternehmens-News"],"inLanguage":"de-DE"},{"@type":"WebPage","@id":"https:\/\/www.cortado.com\/de\/news\/nachhaltige-smartphones-von-renewd\/","url":"https:\/\/www.cortado.com\/de\/news\/nachhaltige-smartphones-von-renewd\/","name":"Renewd\u00ae - 2. Leben f\u00fcr Smartphones","isPartOf":{"@id":"https:\/\/www.cortado.com\/de\/#website"},"primaryImageOfPage":{"@id":"https:\/\/www.cortado.com\/de\/news\/nachhaltige-smartphones-von-renewd\/#primaryimage"},"image":{"@id":"https:\/\/www.cortado.com\/de\/news\/nachhaltige-smartphones-von-renewd\/#primaryimage"},"thumbnailUrl":"https:\/\/www.cortado.com\/wp-content\/uploads\/Neu-in-Cortado-MDM-Label-1.png","datePublished":"2023-03-29T14:17:54+00:00","dateModified":"2025-01-10T09:36:12+00:00","author":{"@id":"https:\/\/www.cortado.com\/de\/#\/schema\/person\/a208d5b9f4830dc26b3fc3b59dd909ea"},"description":"Nachhaltige Smartphones von Renewd: Wir sprachen mit Regional Manager DACH Abdoulai Jaiteh \u00fcber die Philosophie des Unternehmens.","breadcrumb":{"@id":"https:\/\/www.cortado.com\/de\/news\/nachhaltige-smartphones-von-renewd\/#breadcrumb"},"inLanguage":"de-DE","potentialAction":[{"@type":"ReadAction","target":["https:\/\/www.cortado.com\/de\/news\/nachhaltige-smartphones-von-renewd\/"]}]},{"@type":"ImageObject","inLanguage":"de-DE","@id":"https:\/\/www.cortado.com\/de\/news\/nachhaltige-smartphones-von-renewd\/#primaryimage","url":"https:\/\/www.cortado.com\/wp-content\/uploads\/Neu-in-Cortado-MDM-Label-1.png","contentUrl":"https:\/\/www.cortado.com\/wp-content\/uploads\/Neu-in-Cortado-MDM-Label-1.png","width":720,"height":720,"caption":"Neu in Cortado MDM (Label)"},{"@type":"BreadcrumbList","@id":"https:\/\/www.cortado.com\/de\/news\/nachhaltige-smartphones-von-renewd\/#breadcrumb","itemListElement":[{"@type":"ListItem","position":1,"name":"Home","item":"https:\/\/www.cortado.com\/de\/"},{"@type":"ListItem","position":2,"name":"Nachhaltige Smartphones: Renewd\u00ae schenkt Ger\u00e4ten ein 2. Leben"}]},{"@type":"WebSite","@id":"https:\/\/www.cortado.com\/de\/#website","url":"https:\/\/www.cortado.com\/de\/","name":"Cortado","description":"","potentialAction":[{"@type":"SearchAction","target":{"@type":"EntryPoint","urlTemplate":"https:\/\/www.cortado.com\/de\/?s={search_term_string}"},"query-input":{"@type":"PropertyValueSpecification","valueRequired":true,"valueName":"search_term_string"}}],"inLanguage":"de-DE"},{"@type":"Person","@id":"https:\/\/www.cortado.com\/de\/#\/schema\/person\/a208d5b9f4830dc26b3fc3b59dd909ea","name":"Simone Fulton","image":{"@type":"ImageObject","inLanguage":"de-DE","@id":"https:\/\/secure.gravatar.com\/avatar\/40636cdacf48abcbccbdd0b19f88fbab69252a38f765fb1d02b033d491a6f98f?s=96&d=mm&r=g","url":"https:\/\/secure.gravatar.com\/avatar\/40636cdacf48abcbccbdd0b19f88fbab69252a38f765fb1d02b033d491a6f98f?s=96&d=mm&r=g","contentUrl":"https:\/\/secure.gravatar.com\/avatar\/40636cdacf48abcbccbdd0b19f88fbab69252a38f765fb1d02b033d491a6f98f?s=96&d=mm&r=g","caption":"Simone Fulton"}}]}},"author_meta":{"display_name":"Simone Fulton","author_link":"https:\/\/www.cortado.com\/de\/author\/siklu\/"},"featured_img":"https:\/\/www.cortado.com\/wp-content\/uploads\/Neu-in-Cortado-MDM-Label-1-300x300.png","coauthors":[],"tax_additional":{"categories":{"linked":["<a href=\"https:\/\/www.cortado.com\/de\/kategorie\/news\/\" class=\"advgb-post-tax-term\">Alle News &amp; Updates<\/a>","<a href=\"https:\/\/www.cortado.com\/de\/kategorie\/unternehmensnews\/\" class=\"advgb-post-tax-term\">Unternehmens-News<\/a>"],"unlinked":["<span class=\"advgb-post-tax-term\">Alle News &amp; Updates<\/span>","<span class=\"advgb-post-tax-term\">Unternehmens-News<\/span>"]}},"comment_count":"0","relative_dates":{"created":"Ver\u00f6ffentlicht 3 Jahren vor","modified":"Aktualisiert 1 Jahr vor"},"absolute_dates":{"created":"Ver\u00f6ffentlicht am M\u00e4rz 29, 2023","modified":"Aktualisiert am Januar 10, 2025"},"absolute_dates_time":{"created":"Ver\u00f6ffentlicht am M\u00e4rz 29, 2023 2:17 pm","modified":"Aktualisiert am Januar 10, 2025 9:36 am"},"featured_img_caption":"","series_order":"","_links":{"self":[{"href":"https:\/\/www.cortado.com\/de\/wp-json\/wp\/v2\/posts\/10048","targetHints":{"allow":["GET"]}}],"collection":[{"href":"https:\/\/www.cortado.com\/de\/wp-json\/wp\/v2\/posts"}],"about":[{"href":"https:\/\/www.cortado.com\/de\/wp-json\/wp\/v2\/types\/post"}],"author":[{"embeddable":true,"href":"https:\/\/www.cortado.com\/de\/wp-json\/wp\/v2\/users\/8"}],"replies":[{"embeddable":true,"href":"https:\/\/www.cortado.com\/de\/wp-json\/wp\/v2\/comments?post=10048"}],"version-history":[{"count":0,"href":"https:\/\/www.cortado.com\/de\/wp-json\/wp\/v2\/posts\/10048\/revisions"}],"wp:featuredmedia":[{"embeddable":true,"href":"https:\/\/www.cortado.com\/de\/wp-json\/wp\/v2\/media\/10358"}],"wp:attachment":[{"href":"https:\/\/www.cortado.com\/de\/wp-json\/wp\/v2\/media?parent=10048"}],"wp:term":[{"taxonomy":"category","embeddable":true,"href":"https:\/\/www.cortado.com\/de\/wp-json\/wp\/v2\/categories?post=10048"},{"taxonomy":"post_tag","embeddable":true,"href":"https:\/\/www.cortado.com\/de\/wp-json\/wp\/v2\/tags?post=10048"}],"curies":[{"name":"wp","href":"https:\/\/api.w.org\/{rel}","templated":true}]}}