{"id":11160,"date":"2024-05-07T08:40:48","date_gmt":"2024-05-07T08:40:48","guid":{"rendered":"https:\/\/www.cortado.com\/?p=11160"},"modified":"2025-01-10T09:19:53","modified_gmt":"2025-01-10T09:19:53","slug":"cortado-und-fairphone-starten-kooperation","status":"publish","type":"post","link":"https:\/\/www.cortado.com\/de\/news\/cortado-und-fairphone-starten-kooperation\/","title":{"rendered":"Cortado Mobile Solutions und Fairphone starten Kooperation"},"content":{"rendered":"\n<p><\/p>\n\n\n\n<p><strong>Berlin, [7. Mai 2024] &#8211; Cortado Mobile Solutions, Anbieter von Mobile Device Management-L\u00f6sungen, gibt seine Partnerschaft mit <a href=\"https:\/\/www.fairphone.com\/de\">Fairphone<\/a>, dem Hersteller fairer und nachhaltiger Smartphones, bekannt. Im Rahmen dieser Kooperation wird Cortado ab sofort Fairphone-Ger\u00e4te als Teil seines Angebots zur Vermietung anbieten. Diese Initiative unterstreicht das Engagement beider Unternehmen f\u00fcr Nachhaltigkeit und soziale Verantwortung in der Technologiebranche.<\/strong><\/p>\n\n\n\n<p>Das 2013 gegr\u00fcndete Unternehmen Fairphone setzt ohne \u00dcbertreibung neue Ma\u00dfst\u00e4be in der Mobiltelefonindustrie, indem es sich auf faire Arbeitsbedingungen und die Verwendung von fairen sowie recycelten Materialien konzentriert. Die modularen Smartphones des Unternehmens, wie das Fairphone 5, sind darauf ausgelegt, leicht reparierbar und langlebig zu sein. Benutzer k\u00f6nnen wichtige Bauteile, darunter Displays, Kameras und USB-Anschl\u00fcsse, einfach mit einem Schraubenzieher selbst austauschen. Dies f\u00f6rdert nicht nur eine kosteng\u00fcnstige und umweltfreundliche Reparatur, sondern unterst\u00fctzt auch das Ziel, die Lebensdauer von Produkten zu verl\u00e4ngern und Elektronikabf\u00e4lle zu reduzieren.<\/p>\n\n\n\n<p>Cortado als Spezialist f\u00fcr einfaches und sicheres Mobile Device Management bietet seinen Kunden auf Wunsch auch die in den Projekten ben\u00f6tigten Smartphones und Tablets zur Miete an. Bei Bedarf sind diese Ger\u00e4te sogar vorkonfiguriert und damit sofort einsatzbereit. Au\u00dferdem \u00fcbernimmt Cortado f\u00fcr seine Kunden mit Mietger\u00e4ten auch das Lifecycle-Management. Durch die Zusammenarbeit mit Fairphone erweitert Cortado sein Angebot um eine \u00f6kologisch nachhaltige Option, die die Philosophie des Unternehmens widerspiegelt, Technologie verantwortungsbewusst zu nutzen. Kunden von Cortado haben ab sofort die M\u00f6glichkeit, durch die Miete von Fairphones ihren \u00f6kologischen Fu\u00dfabdruck zu verkleinern und gleichzeitig modernste Mobiltechnologie zu nutzen. Diese Kooperation ist ein weiterer Schritt hin zu einer umweltbewussteren und faireren Gestaltung der Arbeitswelt.<\/p>\n\n\n\n<p>\u201eMietger\u00e4te sind per se meist l\u00e4nger in Betrieb als Kaufger\u00e4te. Ein Ansatz, der unserer Philosophie der Nachhaltigkeit entspricht\u201c, so Michael R\u00f6diger. Gesch\u00e4ftsf\u00fchrer der Cortado Mobile Solutions GmbH. \u201eDie Zusammenarbeit mit Fairphone ist f\u00fcr uns eine schl\u00fcssige Fortsetzung unserer Bem\u00fchungen zu einem umweltfreundlichen Wirtschaften.\u201c<\/p>\n\n\n\n<p>Fairphone-Ger\u00e4te sind ab sofort bei Cortado Mobile erh\u00e4ltlich. <a href=\"https:\/\/www.cortado.com\/de\/lp\/firmenhandys-mieten\/\">Firmenhandys mieten im Rundum-Sorglos-Paket von Cortado<\/a><\/p>\n\n\n\n<p><a href=\"https:\/\/www.cortado.com\/wp-content\/uploads\/Presseinfo_Fairphone-Koop-1.pdf\">Download Presseinformation<\/a> <\/p>\n\n\n\n<p><a href=\"https:\/\/www.cortado.com\/wp-content\/uploads\/Fairphone_FP4-refresh-GreenSpeckled-Front-Single-Commercial-german.png\">Download Pressefoto<\/a><\/p>\n","protected":false},"excerpt":{"rendered":"<p>Cortado Mobile Solutions, Anbieter von Mobile Device Management-L\u00f6sungen, gibt seine Partnerschaft mit Fairphone, dem Hersteller fairer und nachhaltiger Smartphones, bekannt. <\/p>\n","protected":false},"author":8,"featured_media":11153,"comment_status":"closed","ping_status":"open","sticky":false,"template":"","format":"standard","meta":{"_acf_changed":false,"inline_featured_image":false,"advgb_blocks_editor_width":"","advgb_blocks_columns_visual_guide":"","footnotes":""},"categories":[1,10969],"tags":[],"class_list":["post-11160","post","type-post","status-publish","format-standard","has-post-thumbnail","hentry","category-news","category-unternehmensnews"],"acf":[],"yoast_head":"<!-- This site is optimized with the Yoast SEO Premium plugin v21.9 (Yoast SEO v27.3) - https:\/\/yoast.com\/product\/yoast-seo-premium-wordpress\/ -->\n<title>Cortado Mobile Solutions und Fairphone starten Kooperation<\/title>\n<meta name=\"description\" content=\"Cortado Mobile Solutions gibt seine Partnerschaft mit Fairphone, dem Hersteller fairer und nachhaltiger Smartphones, bekannt.\" \/>\n<meta name=\"robots\" content=\"index, follow, max-snippet:-1, max-image-preview:large, max-video-preview:-1\" \/>\n<link rel=\"canonical\" href=\"https:\/\/www.cortado.com\/de\/news\/cortado-und-fairphone-starten-kooperation\/\" \/>\n<meta property=\"og:locale\" content=\"de_DE\" \/>\n<meta property=\"og:type\" content=\"article\" \/>\n<meta property=\"og:title\" content=\"Cortado Mobile Solutions und Fairphone starten Kooperation\" \/>\n<meta property=\"og:description\" content=\"Cortado Mobile Solutions gibt seine Partnerschaft mit Fairphone, dem Hersteller fairer und nachhaltiger Smartphones, bekannt.\" \/>\n<meta property=\"og:url\" content=\"https:\/\/www.cortado.com\/de\/news\/cortado-und-fairphone-starten-kooperation\/\" \/>\n<meta property=\"og:site_name\" content=\"Cortado\" \/>\n<meta property=\"article:publisher\" content=\"https:\/\/www.facebook.com\/CortadoMobileSolutions\/\" \/>\n<meta property=\"article:published_time\" content=\"2024-05-07T08:40:48+00:00\" \/>\n<meta property=\"article:modified_time\" content=\"2025-01-10T09:19:53+00:00\" \/>\n<meta property=\"og:image\" content=\"https:\/\/www.cortado.com\/wp-content\/uploads\/Fairphone_FP4-refresh-GreenSpeckled-Front-Single-Commercial-en60-1-275x300.png\" \/>\n<meta name=\"author\" content=\"Simone Fulton\" \/>\n<meta name=\"twitter:card\" content=\"summary_large_image\" \/>\n<meta name=\"twitter:creator\" content=\"@cortado_com\" \/>\n<meta name=\"twitter:site\" content=\"@cortado_com\" \/>\n<meta name=\"twitter:label1\" content=\"Verfasst von\" \/>\n\t<meta name=\"twitter:data1\" content=\"Simone Fulton\" \/>\n\t<meta name=\"twitter:label2\" content=\"Gesch\u00e4tzte Lesezeit\" \/>\n\t<meta name=\"twitter:data2\" content=\"2 Minuten\" \/>\n<script type=\"application\/ld+json\" class=\"yoast-schema-graph\">{\"@context\":\"https:\\\/\\\/schema.org\",\"@graph\":[{\"@type\":\"Article\",\"@id\":\"https:\\\/\\\/www.cortado.com\\\/de\\\/news\\\/cortado-und-fairphone-starten-kooperation\\\/#article\",\"isPartOf\":{\"@id\":\"https:\\\/\\\/www.cortado.com\\\/de\\\/news\\\/cortado-und-fairphone-starten-kooperation\\\/\"},\"author\":{\"name\":\"Simone Fulton\",\"@id\":\"https:\\\/\\\/www.cortado.com\\\/de\\\/#\\\/schema\\\/person\\\/a208d5b9f4830dc26b3fc3b59dd909ea\"},\"headline\":\"Cortado Mobile Solutions und Fairphone starten Kooperation\",\"datePublished\":\"2024-05-07T08:40:48+00:00\",\"dateModified\":\"2025-01-10T09:19:53+00:00\",\"mainEntityOfPage\":{\"@id\":\"https:\\\/\\\/www.cortado.com\\\/de\\\/news\\\/cortado-und-fairphone-starten-kooperation\\\/\"},\"wordCount\":349,\"image\":{\"@id\":\"https:\\\/\\\/www.cortado.com\\\/de\\\/news\\\/cortado-und-fairphone-starten-kooperation\\\/#primaryimage\"},\"thumbnailUrl\":\"https:\\\/\\\/www.cortado.com\\\/wp-content\\\/uploads\\\/Fairphone_FP4-refresh-GreenSpeckled-Front-Single-Commercial-german.png\",\"articleSection\":[\"Alle News &amp; Updates\",\"Unternehmens-News\"],\"inLanguage\":\"de-DE\"},{\"@type\":\"WebPage\",\"@id\":\"https:\\\/\\\/www.cortado.com\\\/de\\\/news\\\/cortado-und-fairphone-starten-kooperation\\\/\",\"url\":\"https:\\\/\\\/www.cortado.com\\\/de\\\/news\\\/cortado-und-fairphone-starten-kooperation\\\/\",\"name\":\"Cortado Mobile Solutions und Fairphone starten Kooperation\",\"isPartOf\":{\"@id\":\"https:\\\/\\\/www.cortado.com\\\/de\\\/#website\"},\"primaryImageOfPage\":{\"@id\":\"https:\\\/\\\/www.cortado.com\\\/de\\\/news\\\/cortado-und-fairphone-starten-kooperation\\\/#primaryimage\"},\"image\":{\"@id\":\"https:\\\/\\\/www.cortado.com\\\/de\\\/news\\\/cortado-und-fairphone-starten-kooperation\\\/#primaryimage\"},\"thumbnailUrl\":\"https:\\\/\\\/www.cortado.com\\\/wp-content\\\/uploads\\\/Fairphone_FP4-refresh-GreenSpeckled-Front-Single-Commercial-german.png\",\"datePublished\":\"2024-05-07T08:40:48+00:00\",\"dateModified\":\"2025-01-10T09:19:53+00:00\",\"author\":{\"@id\":\"https:\\\/\\\/www.cortado.com\\\/de\\\/#\\\/schema\\\/person\\\/a208d5b9f4830dc26b3fc3b59dd909ea\"},\"description\":\"Cortado Mobile Solutions gibt seine Partnerschaft mit Fairphone, dem Hersteller fairer und nachhaltiger Smartphones, bekannt.\",\"breadcrumb\":{\"@id\":\"https:\\\/\\\/www.cortado.com\\\/de\\\/news\\\/cortado-und-fairphone-starten-kooperation\\\/#breadcrumb\"},\"inLanguage\":\"de-DE\",\"potentialAction\":[{\"@type\":\"ReadAction\",\"target\":[\"https:\\\/\\\/www.cortado.com\\\/de\\\/news\\\/cortado-und-fairphone-starten-kooperation\\\/\"]}]},{\"@type\":\"ImageObject\",\"inLanguage\":\"de-DE\",\"@id\":\"https:\\\/\\\/www.cortado.com\\\/de\\\/news\\\/cortado-und-fairphone-starten-kooperation\\\/#primaryimage\",\"url\":\"https:\\\/\\\/www.cortado.com\\\/wp-content\\\/uploads\\\/Fairphone_FP4-refresh-GreenSpeckled-Front-Single-Commercial-german.png\",\"contentUrl\":\"https:\\\/\\\/www.cortado.com\\\/wp-content\\\/uploads\\\/Fairphone_FP4-refresh-GreenSpeckled-Front-Single-Commercial-german.png\",\"width\":3294,\"height\":3596},{\"@type\":\"BreadcrumbList\",\"@id\":\"https:\\\/\\\/www.cortado.com\\\/de\\\/news\\\/cortado-und-fairphone-starten-kooperation\\\/#breadcrumb\",\"itemListElement\":[{\"@type\":\"ListItem\",\"position\":1,\"name\":\"Home\",\"item\":\"https:\\\/\\\/www.cortado.com\\\/de\\\/\"},{\"@type\":\"ListItem\",\"position\":2,\"name\":\"Cortado Mobile Solutions und Fairphone starten Kooperation\"}]},{\"@type\":\"WebSite\",\"@id\":\"https:\\\/\\\/www.cortado.com\\\/de\\\/#website\",\"url\":\"https:\\\/\\\/www.cortado.com\\\/de\\\/\",\"name\":\"Cortado\",\"description\":\"\",\"potentialAction\":[{\"@type\":\"SearchAction\",\"target\":{\"@type\":\"EntryPoint\",\"urlTemplate\":\"https:\\\/\\\/www.cortado.com\\\/de\\\/?s={search_term_string}\"},\"query-input\":{\"@type\":\"PropertyValueSpecification\",\"valueRequired\":true,\"valueName\":\"search_term_string\"}}],\"inLanguage\":\"de-DE\"},{\"@type\":\"Person\",\"@id\":\"https:\\\/\\\/www.cortado.com\\\/de\\\/#\\\/schema\\\/person\\\/a208d5b9f4830dc26b3fc3b59dd909ea\",\"name\":\"Simone Fulton\",\"image\":{\"@type\":\"ImageObject\",\"inLanguage\":\"de-DE\",\"@id\":\"https:\\\/\\\/secure.gravatar.com\\\/avatar\\\/40636cdacf48abcbccbdd0b19f88fbab69252a38f765fb1d02b033d491a6f98f?s=96&d=mm&r=g\",\"url\":\"https:\\\/\\\/secure.gravatar.com\\\/avatar\\\/40636cdacf48abcbccbdd0b19f88fbab69252a38f765fb1d02b033d491a6f98f?s=96&d=mm&r=g\",\"contentUrl\":\"https:\\\/\\\/secure.gravatar.com\\\/avatar\\\/40636cdacf48abcbccbdd0b19f88fbab69252a38f765fb1d02b033d491a6f98f?s=96&d=mm&r=g\",\"caption\":\"Simone Fulton\"}}]}<\/script>\n<!-- \/ Yoast SEO Premium plugin. -->","yoast_head_json":{"title":"Cortado Mobile Solutions und Fairphone starten Kooperation","description":"Cortado Mobile Solutions gibt seine Partnerschaft mit Fairphone, dem Hersteller fairer und nachhaltiger Smartphones, bekannt.","robots":{"index":"index","follow":"follow","max-snippet":"max-snippet:-1","max-image-preview":"max-image-preview:large","max-video-preview":"max-video-preview:-1"},"canonical":"https:\/\/www.cortado.com\/de\/news\/cortado-und-fairphone-starten-kooperation\/","og_locale":"de_DE","og_type":"article","og_title":"Cortado Mobile Solutions und Fairphone starten Kooperation","og_description":"Cortado Mobile Solutions gibt seine Partnerschaft mit Fairphone, dem Hersteller fairer und nachhaltiger Smartphones, bekannt.","og_url":"https:\/\/www.cortado.com\/de\/news\/cortado-und-fairphone-starten-kooperation\/","og_site_name":"Cortado","article_publisher":"https:\/\/www.facebook.com\/CortadoMobileSolutions\/","article_published_time":"2024-05-07T08:40:48+00:00","article_modified_time":"2025-01-10T09:19:53+00:00","og_image":[{"url":"https:\/\/www.cortado.com\/wp-content\/uploads\/Fairphone_FP4-refresh-GreenSpeckled-Front-Single-Commercial-en60-1-275x300.png","type":"","width":"","height":""}],"author":"Simone Fulton","twitter_card":"summary_large_image","twitter_creator":"@cortado_com","twitter_site":"@cortado_com","twitter_misc":{"Verfasst von":"Simone Fulton","Gesch\u00e4tzte Lesezeit":"2 Minuten"},"schema":{"@context":"https:\/\/schema.org","@graph":[{"@type":"Article","@id":"https:\/\/www.cortado.com\/de\/news\/cortado-und-fairphone-starten-kooperation\/#article","isPartOf":{"@id":"https:\/\/www.cortado.com\/de\/news\/cortado-und-fairphone-starten-kooperation\/"},"author":{"name":"Simone Fulton","@id":"https:\/\/www.cortado.com\/de\/#\/schema\/person\/a208d5b9f4830dc26b3fc3b59dd909ea"},"headline":"Cortado Mobile Solutions und Fairphone starten Kooperation","datePublished":"2024-05-07T08:40:48+00:00","dateModified":"2025-01-10T09:19:53+00:00","mainEntityOfPage":{"@id":"https:\/\/www.cortado.com\/de\/news\/cortado-und-fairphone-starten-kooperation\/"},"wordCount":349,"image":{"@id":"https:\/\/www.cortado.com\/de\/news\/cortado-und-fairphone-starten-kooperation\/#primaryimage"},"thumbnailUrl":"https:\/\/www.cortado.com\/wp-content\/uploads\/Fairphone_FP4-refresh-GreenSpeckled-Front-Single-Commercial-german.png","articleSection":["Alle News &amp; Updates","Unternehmens-News"],"inLanguage":"de-DE"},{"@type":"WebPage","@id":"https:\/\/www.cortado.com\/de\/news\/cortado-und-fairphone-starten-kooperation\/","url":"https:\/\/www.cortado.com\/de\/news\/cortado-und-fairphone-starten-kooperation\/","name":"Cortado Mobile Solutions und Fairphone starten Kooperation","isPartOf":{"@id":"https:\/\/www.cortado.com\/de\/#website"},"primaryImageOfPage":{"@id":"https:\/\/www.cortado.com\/de\/news\/cortado-und-fairphone-starten-kooperation\/#primaryimage"},"image":{"@id":"https:\/\/www.cortado.com\/de\/news\/cortado-und-fairphone-starten-kooperation\/#primaryimage"},"thumbnailUrl":"https:\/\/www.cortado.com\/wp-content\/uploads\/Fairphone_FP4-refresh-GreenSpeckled-Front-Single-Commercial-german.png","datePublished":"2024-05-07T08:40:48+00:00","dateModified":"2025-01-10T09:19:53+00:00","author":{"@id":"https:\/\/www.cortado.com\/de\/#\/schema\/person\/a208d5b9f4830dc26b3fc3b59dd909ea"},"description":"Cortado Mobile Solutions gibt seine Partnerschaft mit Fairphone, dem Hersteller fairer und nachhaltiger Smartphones, bekannt.","breadcrumb":{"@id":"https:\/\/www.cortado.com\/de\/news\/cortado-und-fairphone-starten-kooperation\/#breadcrumb"},"inLanguage":"de-DE","potentialAction":[{"@type":"ReadAction","target":["https:\/\/www.cortado.com\/de\/news\/cortado-und-fairphone-starten-kooperation\/"]}]},{"@type":"ImageObject","inLanguage":"de-DE","@id":"https:\/\/www.cortado.com\/de\/news\/cortado-und-fairphone-starten-kooperation\/#primaryimage","url":"https:\/\/www.cortado.com\/wp-content\/uploads\/Fairphone_FP4-refresh-GreenSpeckled-Front-Single-Commercial-german.png","contentUrl":"https:\/\/www.cortado.com\/wp-content\/uploads\/Fairphone_FP4-refresh-GreenSpeckled-Front-Single-Commercial-german.png","width":3294,"height":3596},{"@type":"BreadcrumbList","@id":"https:\/\/www.cortado.com\/de\/news\/cortado-und-fairphone-starten-kooperation\/#breadcrumb","itemListElement":[{"@type":"ListItem","position":1,"name":"Home","item":"https:\/\/www.cortado.com\/de\/"},{"@type":"ListItem","position":2,"name":"Cortado Mobile Solutions und Fairphone starten Kooperation"}]},{"@type":"WebSite","@id":"https:\/\/www.cortado.com\/de\/#website","url":"https:\/\/www.cortado.com\/de\/","name":"Cortado","description":"","potentialAction":[{"@type":"SearchAction","target":{"@type":"EntryPoint","urlTemplate":"https:\/\/www.cortado.com\/de\/?s={search_term_string}"},"query-input":{"@type":"PropertyValueSpecification","valueRequired":true,"valueName":"search_term_string"}}],"inLanguage":"de-DE"},{"@type":"Person","@id":"https:\/\/www.cortado.com\/de\/#\/schema\/person\/a208d5b9f4830dc26b3fc3b59dd909ea","name":"Simone Fulton","image":{"@type":"ImageObject","inLanguage":"de-DE","@id":"https:\/\/secure.gravatar.com\/avatar\/40636cdacf48abcbccbdd0b19f88fbab69252a38f765fb1d02b033d491a6f98f?s=96&d=mm&r=g","url":"https:\/\/secure.gravatar.com\/avatar\/40636cdacf48abcbccbdd0b19f88fbab69252a38f765fb1d02b033d491a6f98f?s=96&d=mm&r=g","contentUrl":"https:\/\/secure.gravatar.com\/avatar\/40636cdacf48abcbccbdd0b19f88fbab69252a38f765fb1d02b033d491a6f98f?s=96&d=mm&r=g","caption":"Simone Fulton"}}]}},"author_meta":{"display_name":"Simone Fulton","author_link":"https:\/\/www.cortado.com\/de\/author\/siklu\/"},"featured_img":"https:\/\/www.cortado.com\/wp-content\/uploads\/Fairphone_FP4-refresh-GreenSpeckled-Front-Single-Commercial-german-275x300.png","coauthors":[],"tax_additional":{"categories":{"linked":["<a href=\"https:\/\/www.cortado.com\/de\/kategorie\/news\/\" class=\"advgb-post-tax-term\">Alle News &amp; Updates<\/a>","<a href=\"https:\/\/www.cortado.com\/de\/kategorie\/unternehmensnews\/\" class=\"advgb-post-tax-term\">Unternehmens-News<\/a>"],"unlinked":["<span class=\"advgb-post-tax-term\">Alle News &amp; Updates<\/span>","<span class=\"advgb-post-tax-term\">Unternehmens-News<\/span>"]}},"comment_count":"0","relative_dates":{"created":"Ver\u00f6ffentlicht 2 Jahren vor","modified":"Aktualisiert 1 Jahr vor"},"absolute_dates":{"created":"Ver\u00f6ffentlicht am Mai 7, 2024","modified":"Aktualisiert am Januar 10, 2025"},"absolute_dates_time":{"created":"Ver\u00f6ffentlicht am Mai 7, 2024 8:40 am","modified":"Aktualisiert am Januar 10, 2025 9:19 am"},"featured_img_caption":"","series_order":"","_links":{"self":[{"href":"https:\/\/www.cortado.com\/de\/wp-json\/wp\/v2\/posts\/11160","targetHints":{"allow":["GET"]}}],"collection":[{"href":"https:\/\/www.cortado.com\/de\/wp-json\/wp\/v2\/posts"}],"about":[{"href":"https:\/\/www.cortado.com\/de\/wp-json\/wp\/v2\/types\/post"}],"author":[{"embeddable":true,"href":"https:\/\/www.cortado.com\/de\/wp-json\/wp\/v2\/users\/8"}],"replies":[{"embeddable":true,"href":"https:\/\/www.cortado.com\/de\/wp-json\/wp\/v2\/comments?post=11160"}],"version-history":[{"count":0,"href":"https:\/\/www.cortado.com\/de\/wp-json\/wp\/v2\/posts\/11160\/revisions"}],"wp:featuredmedia":[{"embeddable":true,"href":"https:\/\/www.cortado.com\/de\/wp-json\/wp\/v2\/media\/11153"}],"wp:attachment":[{"href":"https:\/\/www.cortado.com\/de\/wp-json\/wp\/v2\/media?parent=11160"}],"wp:term":[{"taxonomy":"category","embeddable":true,"href":"https:\/\/www.cortado.com\/de\/wp-json\/wp\/v2\/categories?post=11160"},{"taxonomy":"post_tag","embeddable":true,"href":"https:\/\/www.cortado.com\/de\/wp-json\/wp\/v2\/tags?post=11160"}],"curies":[{"name":"wp","href":"https:\/\/api.w.org\/{rel}","templated":true}]}}