{"id":14995,"date":"2025-06-19T06:23:15","date_gmt":"2025-06-19T06:23:15","guid":{"rendered":"https:\/\/www.cortado.com\/?p=14995"},"modified":"2025-06-19T06:23:17","modified_gmt":"2025-06-19T06:23:17","slug":"neue-funktionen-in-cortado-mdm-geraetegruppen-und-erweiterte-apple-ersteinrichtungsschritte","status":"publish","type":"post","link":"https:\/\/www.cortado.com\/de\/news\/neue-funktionen-in-cortado-mdm-geraetegruppen-und-erweiterte-apple-ersteinrichtungsschritte\/","title":{"rendered":"Neue Funktionen in Cortado MDM: Ger\u00e4tegruppen und erweiterte Apple-Ersteinrichtungsschritte"},"content":{"rendered":"\n<p>Mit dem neuesten Update von <strong>Cortado MDM<\/strong> stehen Ihnen zwei bedeutende Neuerungen zur Verf\u00fcgung: die M\u00f6glichkeit zur Erstellung von <strong>Ger\u00e4tegruppen<\/strong> sowie eine umfassende Erweiterung der <strong>Ersteinrichtungsschritte f\u00fcr Apple-Ger\u00e4te<\/strong>. Damit wird die Verwaltung Ihrer Ger\u00e4teflotte noch flexibler und besser an die Bed\u00fcrfnisse Ihres Unternehmens anpassbar.<\/p>\n\n\n\n<h2 class=\"wp-block-heading\" id=\"h-lokale-gerategruppen-jetzt-verfugbar\"><strong>Lokale Ger\u00e4tegruppen jetzt verf\u00fcgbar<\/strong><\/h2>\n\n\n\n<p>Auf vielfachen Kundenwunsch k\u00f6nnen nun \u2013 zus\u00e4tzlich zu den bew\u00e4hrten Benutzergruppen \u2013 <strong>Ger\u00e4tegruppen<\/strong> erstellt werden. Diese Funktion erm\u00f6glicht es Ihnen, z.\u202fB. alle iPads mit identischer Konfiguration in einer Gruppe zu b\u00fcndeln.<\/p>\n\n\n\n<p>Die Erstellung erfolgt wie gewohnt \u00fcber die Gruppenverwaltung. Anstelle von Benutzer:innen ordnen Sie der Gruppe jedoch gezielt <strong>Ger\u00e4te<\/strong> zu. So lassen sich <strong>Richtlinien, Apps und verwaltete Konfigurationen<\/strong> individuell abgestimmt auf Ger\u00e4tegruppen anwenden \u2013 f\u00fcr mehr \u00dcbersicht und Effizienz in Ihrer Verwaltung.<\/p>\n\n\n\n<figure class=\"wp-block-image size-full\"><img loading=\"lazy\" decoding=\"async\" width=\"956\" height=\"679\" src=\"https:\/\/www.cortado.com\/wp-content\/uploads\/ccs110_device_gruppen_9_d.png\" alt=\"\" class=\"wp-image-14976\" srcset=\"https:\/\/www.cortado.com\/wp-content\/uploads\/ccs110_device_gruppen_9_d.png 956w, https:\/\/www.cortado.com\/wp-content\/uploads\/ccs110_device_gruppen_9_d-300x213.png 300w, https:\/\/www.cortado.com\/wp-content\/uploads\/ccs110_device_gruppen_9_d-768x545.png 768w\" sizes=\"auto, (max-width: 956px) 100vw, 956px\" \/><\/figure>\n\n\n\n<p><\/p>\n\n\n\n<p>Wie Sie neue lokale Gruppen erstellen und Ger\u00e4te zu den Gruppen hinzuf\u00fcgen, zeigen wir Ihnen in unseren <a href=\"https:\/\/support.cortado.com\/de\/support\/solutions\/folders\/43000593328\">Hilfe-Artikeln<\/a> zu diesem Thema.<\/p>\n\n\n\n<h2 class=\"wp-block-heading\" id=\"h-ersteinrichtungsschritte-fur-apple-gerate-individuell-definieren\"><strong>Ersteinrichtungsschritte f\u00fcr Apple-Ger\u00e4te individuell definieren<\/strong><\/h2>\n\n\n\n<p>Das \u00fcberarbeitete <strong>Profil f\u00fcr die automatische Ger\u00e4teregistrierung<\/strong> von Apple bietet nun Zugriff auf s\u00e4mtliche verf\u00fcgbaren <strong>Ersteinrichtungsschritte<\/strong>.<\/p>\n\n\n\n<p>Sie k\u00f6nnen genau festlegen, <strong>welche Schritte dem Benutzer beim ersten Start ihrer iPhones oder iPads angezeigt werden sollen \u2013 und welche nicht<\/strong>. So gestalten Sie die Ersteinrichtung vollst\u00e4ndig im Sinne Ihrer unternehmensspezifischen Anforderungen und sorgen f\u00fcr einen nahtlosen Einstieg neuer Ger\u00e4te in Ihre IT-Umgebung.<\/p>\n\n\n\n<figure class=\"wp-block-image size-full\"><img loading=\"lazy\" decoding=\"async\" width=\"701\" height=\"846\" src=\"https:\/\/www.cortado.com\/wp-content\/uploads\/ccs110_device_gruppen_10_d.png\" alt=\"\" class=\"wp-image-14978\" srcset=\"https:\/\/www.cortado.com\/wp-content\/uploads\/ccs110_device_gruppen_10_d.png 701w, https:\/\/www.cortado.com\/wp-content\/uploads\/ccs110_device_gruppen_10_d-249x300.png 249w\" sizes=\"auto, (max-width: 701px) 100vw, 701px\" \/><\/figure>\n\n\n\n<p><\/p>\n\n\n\n<p>Wie Sie ein Profil f\u00fcr die automatische Ger\u00e4teverwaltung konfigurieren erfahren Sie in unserem <a href=\"https:\/\/support.cortado.com\/de\/support\/solutions\/articles\/43000589056-firmeneigene-ios-ipados-ger%C3%A4te-einbinden-cobo-cope-registrierung-betreuter-ger%C3%A4te#Konfigurationsprofil-im-Verwaltungsportal-erstellen\">Hilfe-Artikel.<\/a><\/p>\n","protected":false},"excerpt":{"rendered":"<p>Jetzt neu in Cortado MDM: Ger\u00e4tegruppen &amp; individuelle Apple-Ersteinrichtungsschritte \u2013 f\u00fcr noch mehr Kontrolle bei der Ger\u00e4teverwaltung.<\/p>\n","protected":false},"author":5321,"featured_media":12066,"comment_status":"closed","ping_status":"open","sticky":false,"template":"","format":"standard","meta":{"_acf_changed":false,"inline_featured_image":false,"advgb_blocks_editor_width":"","advgb_blocks_columns_visual_guide":"","footnotes":""},"categories":[1,10968],"tags":[],"class_list":["post-14995","post","type-post","status-publish","format-standard","has-post-thumbnail","hentry","category-news","category-produktupdates"],"acf":[],"yoast_head":"<!-- This site is optimized with the Yoast SEO Premium plugin v21.9 (Yoast SEO v27.3) - https:\/\/yoast.com\/product\/yoast-seo-premium-wordpress\/ -->\n<title>Neue Funktionen in Cortado MDM: Ger\u00e4tegruppen und erweiterte Apple-Ersteinrichtungsschritte<\/title>\n<meta name=\"robots\" content=\"index, follow, max-snippet:-1, max-image-preview:large, max-video-preview:-1\" \/>\n<link rel=\"canonical\" href=\"https:\/\/www.cortado.com\/de\/news\/neue-funktionen-in-cortado-mdm-geraetegruppen-und-erweiterte-apple-ersteinrichtungsschritte\/\" \/>\n<meta property=\"og:locale\" content=\"de_DE\" \/>\n<meta property=\"og:type\" content=\"article\" \/>\n<meta property=\"og:title\" content=\"Neue Funktionen in Cortado MDM: Ger\u00e4tegruppen und erweiterte Apple-Ersteinrichtungsschritte\" \/>\n<meta property=\"og:description\" content=\"Jetzt neu in Cortado MDM: Ger\u00e4tegruppen &amp; individuelle Apple-Ersteinrichtungsschritte \u2013 f\u00fcr noch mehr Kontrolle bei der Ger\u00e4teverwaltung.\" \/>\n<meta property=\"og:url\" content=\"https:\/\/www.cortado.com\/de\/news\/neue-funktionen-in-cortado-mdm-geraetegruppen-und-erweiterte-apple-ersteinrichtungsschritte\/\" \/>\n<meta property=\"og:site_name\" content=\"Cortado\" \/>\n<meta property=\"article:publisher\" content=\"https:\/\/www.facebook.com\/CortadoMobileSolutions\/\" \/>\n<meta property=\"article:published_time\" content=\"2025-06-19T06:23:15+00:00\" \/>\n<meta property=\"article:modified_time\" content=\"2025-06-19T06:23:17+00:00\" \/>\n<meta property=\"og:image\" content=\"https:\/\/www.cortado.com\/wp-content\/uploads\/whats-new-widget-de.png\" \/>\n\t<meta property=\"og:image:width\" content=\"720\" \/>\n\t<meta property=\"og:image:height\" content=\"450\" \/>\n\t<meta property=\"og:image:type\" content=\"image\/png\" \/>\n<meta name=\"author\" content=\"Docu Team\" \/>\n<meta name=\"twitter:card\" content=\"summary_large_image\" \/>\n<meta name=\"twitter:creator\" content=\"@cortado_com\" \/>\n<meta name=\"twitter:site\" content=\"@cortado_com\" \/>\n<meta name=\"twitter:label1\" content=\"Verfasst von\" \/>\n\t<meta name=\"twitter:data1\" content=\"Docu Team\" \/>\n\t<meta name=\"twitter:label2\" content=\"Gesch\u00e4tzte Lesezeit\" \/>\n\t<meta name=\"twitter:data2\" content=\"2 Minuten\" \/>\n<script type=\"application\/ld+json\" class=\"yoast-schema-graph\">{\"@context\":\"https:\\\/\\\/schema.org\",\"@graph\":[{\"@type\":\"Article\",\"@id\":\"https:\\\/\\\/www.cortado.com\\\/de\\\/news\\\/neue-funktionen-in-cortado-mdm-geraetegruppen-und-erweiterte-apple-ersteinrichtungsschritte\\\/#article\",\"isPartOf\":{\"@id\":\"https:\\\/\\\/www.cortado.com\\\/de\\\/news\\\/neue-funktionen-in-cortado-mdm-geraetegruppen-und-erweiterte-apple-ersteinrichtungsschritte\\\/\"},\"author\":{\"name\":\"Docu Team\",\"@id\":\"https:\\\/\\\/www.cortado.com\\\/de\\\/#\\\/schema\\\/person\\\/ea2f8fce75b47e559bb7888681fa8faf\"},\"headline\":\"Neue Funktionen in Cortado MDM: Ger\u00e4tegruppen und erweiterte Apple-Ersteinrichtungsschritte\",\"datePublished\":\"2025-06-19T06:23:15+00:00\",\"dateModified\":\"2025-06-19T06:23:17+00:00\",\"mainEntityOfPage\":{\"@id\":\"https:\\\/\\\/www.cortado.com\\\/de\\\/news\\\/neue-funktionen-in-cortado-mdm-geraetegruppen-und-erweiterte-apple-ersteinrichtungsschritte\\\/\"},\"wordCount\":260,\"image\":{\"@id\":\"https:\\\/\\\/www.cortado.com\\\/de\\\/news\\\/neue-funktionen-in-cortado-mdm-geraetegruppen-und-erweiterte-apple-ersteinrichtungsschritte\\\/#primaryimage\"},\"thumbnailUrl\":\"https:\\\/\\\/www.cortado.com\\\/wp-content\\\/uploads\\\/whats-new-widget-de.png\",\"articleSection\":[\"Alle News &amp; Updates\",\"Produkt-Updates\"],\"inLanguage\":\"de-DE\"},{\"@type\":\"WebPage\",\"@id\":\"https:\\\/\\\/www.cortado.com\\\/de\\\/news\\\/neue-funktionen-in-cortado-mdm-geraetegruppen-und-erweiterte-apple-ersteinrichtungsschritte\\\/\",\"url\":\"https:\\\/\\\/www.cortado.com\\\/de\\\/news\\\/neue-funktionen-in-cortado-mdm-geraetegruppen-und-erweiterte-apple-ersteinrichtungsschritte\\\/\",\"name\":\"Neue Funktionen in Cortado MDM: Ger\u00e4tegruppen und erweiterte Apple-Ersteinrichtungsschritte\",\"isPartOf\":{\"@id\":\"https:\\\/\\\/www.cortado.com\\\/de\\\/#website\"},\"primaryImageOfPage\":{\"@id\":\"https:\\\/\\\/www.cortado.com\\\/de\\\/news\\\/neue-funktionen-in-cortado-mdm-geraetegruppen-und-erweiterte-apple-ersteinrichtungsschritte\\\/#primaryimage\"},\"image\":{\"@id\":\"https:\\\/\\\/www.cortado.com\\\/de\\\/news\\\/neue-funktionen-in-cortado-mdm-geraetegruppen-und-erweiterte-apple-ersteinrichtungsschritte\\\/#primaryimage\"},\"thumbnailUrl\":\"https:\\\/\\\/www.cortado.com\\\/wp-content\\\/uploads\\\/whats-new-widget-de.png\",\"datePublished\":\"2025-06-19T06:23:15+00:00\",\"dateModified\":\"2025-06-19T06:23:17+00:00\",\"author\":{\"@id\":\"https:\\\/\\\/www.cortado.com\\\/de\\\/#\\\/schema\\\/person\\\/ea2f8fce75b47e559bb7888681fa8faf\"},\"breadcrumb\":{\"@id\":\"https:\\\/\\\/www.cortado.com\\\/de\\\/news\\\/neue-funktionen-in-cortado-mdm-geraetegruppen-und-erweiterte-apple-ersteinrichtungsschritte\\\/#breadcrumb\"},\"inLanguage\":\"de-DE\",\"potentialAction\":[{\"@type\":\"ReadAction\",\"target\":[\"https:\\\/\\\/www.cortado.com\\\/de\\\/news\\\/neue-funktionen-in-cortado-mdm-geraetegruppen-und-erweiterte-apple-ersteinrichtungsschritte\\\/\"]}]},{\"@type\":\"ImageObject\",\"inLanguage\":\"de-DE\",\"@id\":\"https:\\\/\\\/www.cortado.com\\\/de\\\/news\\\/neue-funktionen-in-cortado-mdm-geraetegruppen-und-erweiterte-apple-ersteinrichtungsschritte\\\/#primaryimage\",\"url\":\"https:\\\/\\\/www.cortado.com\\\/wp-content\\\/uploads\\\/whats-new-widget-de.png\",\"contentUrl\":\"https:\\\/\\\/www.cortado.com\\\/wp-content\\\/uploads\\\/whats-new-widget-de.png\",\"width\":720,\"height\":450,\"caption\":\"Was ist neu\"},{\"@type\":\"BreadcrumbList\",\"@id\":\"https:\\\/\\\/www.cortado.com\\\/de\\\/news\\\/neue-funktionen-in-cortado-mdm-geraetegruppen-und-erweiterte-apple-ersteinrichtungsschritte\\\/#breadcrumb\",\"itemListElement\":[{\"@type\":\"ListItem\",\"position\":1,\"name\":\"Home\",\"item\":\"https:\\\/\\\/www.cortado.com\\\/de\\\/\"},{\"@type\":\"ListItem\",\"position\":2,\"name\":\"Neue Funktionen in Cortado MDM: Ger\u00e4tegruppen und erweiterte Apple-Ersteinrichtungsschritte\"}]},{\"@type\":\"WebSite\",\"@id\":\"https:\\\/\\\/www.cortado.com\\\/de\\\/#website\",\"url\":\"https:\\\/\\\/www.cortado.com\\\/de\\\/\",\"name\":\"Cortado\",\"description\":\"\",\"potentialAction\":[{\"@type\":\"SearchAction\",\"target\":{\"@type\":\"EntryPoint\",\"urlTemplate\":\"https:\\\/\\\/www.cortado.com\\\/de\\\/?s={search_term_string}\"},\"query-input\":{\"@type\":\"PropertyValueSpecification\",\"valueRequired\":true,\"valueName\":\"search_term_string\"}}],\"inLanguage\":\"de-DE\"},{\"@type\":\"Person\",\"@id\":\"https:\\\/\\\/www.cortado.com\\\/de\\\/#\\\/schema\\\/person\\\/ea2f8fce75b47e559bb7888681fa8faf\",\"name\":\"Docu Team\",\"image\":{\"@type\":\"ImageObject\",\"inLanguage\":\"de-DE\",\"@id\":\"https:\\\/\\\/secure.gravatar.com\\\/avatar\\\/b06e90d77bbf839c38334273f5709f3d025eaae3729634c4cf31059071c53cd8?s=96&d=mm&r=g\",\"url\":\"https:\\\/\\\/secure.gravatar.com\\\/avatar\\\/b06e90d77bbf839c38334273f5709f3d025eaae3729634c4cf31059071c53cd8?s=96&d=mm&r=g\",\"contentUrl\":\"https:\\\/\\\/secure.gravatar.com\\\/avatar\\\/b06e90d77bbf839c38334273f5709f3d025eaae3729634c4cf31059071c53cd8?s=96&d=mm&r=g\",\"caption\":\"Docu Team\"}}]}<\/script>\n<!-- \/ Yoast SEO Premium plugin. -->","yoast_head_json":{"title":"Neue Funktionen in Cortado MDM: Ger\u00e4tegruppen und erweiterte Apple-Ersteinrichtungsschritte","robots":{"index":"index","follow":"follow","max-snippet":"max-snippet:-1","max-image-preview":"max-image-preview:large","max-video-preview":"max-video-preview:-1"},"canonical":"https:\/\/www.cortado.com\/de\/news\/neue-funktionen-in-cortado-mdm-geraetegruppen-und-erweiterte-apple-ersteinrichtungsschritte\/","og_locale":"de_DE","og_type":"article","og_title":"Neue Funktionen in Cortado MDM: Ger\u00e4tegruppen und erweiterte Apple-Ersteinrichtungsschritte","og_description":"Jetzt neu in Cortado MDM: Ger\u00e4tegruppen &amp; individuelle Apple-Ersteinrichtungsschritte \u2013 f\u00fcr noch mehr Kontrolle bei der Ger\u00e4teverwaltung.","og_url":"https:\/\/www.cortado.com\/de\/news\/neue-funktionen-in-cortado-mdm-geraetegruppen-und-erweiterte-apple-ersteinrichtungsschritte\/","og_site_name":"Cortado","article_publisher":"https:\/\/www.facebook.com\/CortadoMobileSolutions\/","article_published_time":"2025-06-19T06:23:15+00:00","article_modified_time":"2025-06-19T06:23:17+00:00","og_image":[{"width":720,"height":450,"url":"https:\/\/www.cortado.com\/wp-content\/uploads\/whats-new-widget-de.png","type":"image\/png"}],"author":"Docu Team","twitter_card":"summary_large_image","twitter_creator":"@cortado_com","twitter_site":"@cortado_com","twitter_misc":{"Verfasst von":"Docu Team","Gesch\u00e4tzte Lesezeit":"2 Minuten"},"schema":{"@context":"https:\/\/schema.org","@graph":[{"@type":"Article","@id":"https:\/\/www.cortado.com\/de\/news\/neue-funktionen-in-cortado-mdm-geraetegruppen-und-erweiterte-apple-ersteinrichtungsschritte\/#article","isPartOf":{"@id":"https:\/\/www.cortado.com\/de\/news\/neue-funktionen-in-cortado-mdm-geraetegruppen-und-erweiterte-apple-ersteinrichtungsschritte\/"},"author":{"name":"Docu Team","@id":"https:\/\/www.cortado.com\/de\/#\/schema\/person\/ea2f8fce75b47e559bb7888681fa8faf"},"headline":"Neue Funktionen in Cortado MDM: Ger\u00e4tegruppen und erweiterte Apple-Ersteinrichtungsschritte","datePublished":"2025-06-19T06:23:15+00:00","dateModified":"2025-06-19T06:23:17+00:00","mainEntityOfPage":{"@id":"https:\/\/www.cortado.com\/de\/news\/neue-funktionen-in-cortado-mdm-geraetegruppen-und-erweiterte-apple-ersteinrichtungsschritte\/"},"wordCount":260,"image":{"@id":"https:\/\/www.cortado.com\/de\/news\/neue-funktionen-in-cortado-mdm-geraetegruppen-und-erweiterte-apple-ersteinrichtungsschritte\/#primaryimage"},"thumbnailUrl":"https:\/\/www.cortado.com\/wp-content\/uploads\/whats-new-widget-de.png","articleSection":["Alle News &amp; Updates","Produkt-Updates"],"inLanguage":"de-DE"},{"@type":"WebPage","@id":"https:\/\/www.cortado.com\/de\/news\/neue-funktionen-in-cortado-mdm-geraetegruppen-und-erweiterte-apple-ersteinrichtungsschritte\/","url":"https:\/\/www.cortado.com\/de\/news\/neue-funktionen-in-cortado-mdm-geraetegruppen-und-erweiterte-apple-ersteinrichtungsschritte\/","name":"Neue Funktionen in Cortado MDM: Ger\u00e4tegruppen und erweiterte Apple-Ersteinrichtungsschritte","isPartOf":{"@id":"https:\/\/www.cortado.com\/de\/#website"},"primaryImageOfPage":{"@id":"https:\/\/www.cortado.com\/de\/news\/neue-funktionen-in-cortado-mdm-geraetegruppen-und-erweiterte-apple-ersteinrichtungsschritte\/#primaryimage"},"image":{"@id":"https:\/\/www.cortado.com\/de\/news\/neue-funktionen-in-cortado-mdm-geraetegruppen-und-erweiterte-apple-ersteinrichtungsschritte\/#primaryimage"},"thumbnailUrl":"https:\/\/www.cortado.com\/wp-content\/uploads\/whats-new-widget-de.png","datePublished":"2025-06-19T06:23:15+00:00","dateModified":"2025-06-19T06:23:17+00:00","author":{"@id":"https:\/\/www.cortado.com\/de\/#\/schema\/person\/ea2f8fce75b47e559bb7888681fa8faf"},"breadcrumb":{"@id":"https:\/\/www.cortado.com\/de\/news\/neue-funktionen-in-cortado-mdm-geraetegruppen-und-erweiterte-apple-ersteinrichtungsschritte\/#breadcrumb"},"inLanguage":"de-DE","potentialAction":[{"@type":"ReadAction","target":["https:\/\/www.cortado.com\/de\/news\/neue-funktionen-in-cortado-mdm-geraetegruppen-und-erweiterte-apple-ersteinrichtungsschritte\/"]}]},{"@type":"ImageObject","inLanguage":"de-DE","@id":"https:\/\/www.cortado.com\/de\/news\/neue-funktionen-in-cortado-mdm-geraetegruppen-und-erweiterte-apple-ersteinrichtungsschritte\/#primaryimage","url":"https:\/\/www.cortado.com\/wp-content\/uploads\/whats-new-widget-de.png","contentUrl":"https:\/\/www.cortado.com\/wp-content\/uploads\/whats-new-widget-de.png","width":720,"height":450,"caption":"Was ist neu"},{"@type":"BreadcrumbList","@id":"https:\/\/www.cortado.com\/de\/news\/neue-funktionen-in-cortado-mdm-geraetegruppen-und-erweiterte-apple-ersteinrichtungsschritte\/#breadcrumb","itemListElement":[{"@type":"ListItem","position":1,"name":"Home","item":"https:\/\/www.cortado.com\/de\/"},{"@type":"ListItem","position":2,"name":"Neue Funktionen in Cortado MDM: Ger\u00e4tegruppen und erweiterte Apple-Ersteinrichtungsschritte"}]},{"@type":"WebSite","@id":"https:\/\/www.cortado.com\/de\/#website","url":"https:\/\/www.cortado.com\/de\/","name":"Cortado","description":"","potentialAction":[{"@type":"SearchAction","target":{"@type":"EntryPoint","urlTemplate":"https:\/\/www.cortado.com\/de\/?s={search_term_string}"},"query-input":{"@type":"PropertyValueSpecification","valueRequired":true,"valueName":"search_term_string"}}],"inLanguage":"de-DE"},{"@type":"Person","@id":"https:\/\/www.cortado.com\/de\/#\/schema\/person\/ea2f8fce75b47e559bb7888681fa8faf","name":"Docu Team","image":{"@type":"ImageObject","inLanguage":"de-DE","@id":"https:\/\/secure.gravatar.com\/avatar\/b06e90d77bbf839c38334273f5709f3d025eaae3729634c4cf31059071c53cd8?s=96&d=mm&r=g","url":"https:\/\/secure.gravatar.com\/avatar\/b06e90d77bbf839c38334273f5709f3d025eaae3729634c4cf31059071c53cd8?s=96&d=mm&r=g","contentUrl":"https:\/\/secure.gravatar.com\/avatar\/b06e90d77bbf839c38334273f5709f3d025eaae3729634c4cf31059071c53cd8?s=96&d=mm&r=g","caption":"Docu Team"}}]}},"author_meta":{"display_name":"Docu Team","author_link":"https:\/\/www.cortado.com\/de\/author\/docu\/"},"featured_img":"https:\/\/www.cortado.com\/wp-content\/uploads\/whats-new-widget-de-300x188.png","coauthors":[],"tax_additional":{"categories":{"linked":["<a href=\"https:\/\/www.cortado.com\/de\/kategorie\/news\/\" class=\"advgb-post-tax-term\">Alle News &amp; Updates<\/a>","<a href=\"https:\/\/www.cortado.com\/de\/kategorie\/produktupdates\/\" class=\"advgb-post-tax-term\">Produkt-Updates<\/a>"],"unlinked":["<span class=\"advgb-post-tax-term\">Alle News &amp; Updates<\/span>","<span class=\"advgb-post-tax-term\">Produkt-Updates<\/span>"]}},"comment_count":"0","relative_dates":{"created":"Ver\u00f6ffentlicht 10 Monaten vor","modified":"Aktualisiert 10 Monaten vor"},"absolute_dates":{"created":"Ver\u00f6ffentlicht am Juni 19, 2025","modified":"Aktualisiert am Juni 19, 2025"},"absolute_dates_time":{"created":"Ver\u00f6ffentlicht am Juni 19, 2025 6:23 am","modified":"Aktualisiert am Juni 19, 2025 6:23 am"},"featured_img_caption":"","series_order":"","_links":{"self":[{"href":"https:\/\/www.cortado.com\/de\/wp-json\/wp\/v2\/posts\/14995","targetHints":{"allow":["GET"]}}],"collection":[{"href":"https:\/\/www.cortado.com\/de\/wp-json\/wp\/v2\/posts"}],"about":[{"href":"https:\/\/www.cortado.com\/de\/wp-json\/wp\/v2\/types\/post"}],"author":[{"embeddable":true,"href":"https:\/\/www.cortado.com\/de\/wp-json\/wp\/v2\/users\/5321"}],"replies":[{"embeddable":true,"href":"https:\/\/www.cortado.com\/de\/wp-json\/wp\/v2\/comments?post=14995"}],"version-history":[{"count":0,"href":"https:\/\/www.cortado.com\/de\/wp-json\/wp\/v2\/posts\/14995\/revisions"}],"wp:featuredmedia":[{"embeddable":true,"href":"https:\/\/www.cortado.com\/de\/wp-json\/wp\/v2\/media\/12066"}],"wp:attachment":[{"href":"https:\/\/www.cortado.com\/de\/wp-json\/wp\/v2\/media?parent=14995"}],"wp:term":[{"taxonomy":"category","embeddable":true,"href":"https:\/\/www.cortado.com\/de\/wp-json\/wp\/v2\/categories?post=14995"},{"taxonomy":"post_tag","embeddable":true,"href":"https:\/\/www.cortado.com\/de\/wp-json\/wp\/v2\/tags?post=14995"}],"curies":[{"name":"wp","href":"https:\/\/api.w.org\/{rel}","templated":true}]}}