{"id":15177,"date":"2025-09-16T11:40:28","date_gmt":"2025-09-16T11:40:28","guid":{"rendered":"https:\/\/www.cortado.com\/?p=15177"},"modified":"2025-09-16T11:57:51","modified_gmt":"2025-09-16T11:57:51","slug":"cortado-mdm-fuehrt-apples-deklarative-geraeteverwaltung-ein","status":"publish","type":"post","link":"https:\/\/www.cortado.com\/de\/news\/cortado-mdm-fuehrt-apples-deklarative-geraeteverwaltung-ein\/","title":{"rendered":"Cortado MDM f\u00fchrt Apple&#8217;s deklarative Ger\u00e4teverwaltung ein"},"content":{"rendered":"\n<p>F\u00fcr Ger\u00e4te ab <strong>iOS<\/strong>\/<strong>iPadOS 18<\/strong> setzt <strong>Cortado MDM<\/strong> ab sofort auf die von Apple 2021 eingef\u00fchrte <strong><a href=\"https:\/\/support.apple.com\/de-de\/guide\/deployment\/depb1bab77f8\/web\" target=\"_blank\" rel=\"noreferrer noopener\">deklarative Ger\u00e4teverwaltung<\/a><\/strong>. \u00c4ltere Ger\u00e4te werden wie gewohnt weiterhin \u00fcber das klassische Mobile Device Management (MDM) verwaltet.<\/p>\n\n\n\n<p>Mit der Unterst\u00fctzung der neuen Technologie macht Cortado MDM einen wichtigen Schritt in Richtung moderner, effizienter Ger\u00e4teverwaltung.<\/p>\n\n\n\n<h3 class=\"wp-block-heading\" id=\"h-was-bedeutet-deklarative-gerateverwaltung\">Was bedeutet deklarative Ger\u00e4teverwaltung?<\/h3>\n\n\n\n<p>W\u00e4hrend das traditionelle MDM reaktiv arbeitet \u2013 der Server gibt Befehle vor, die das Ger\u00e4t ausf\u00fchrt \u2013 verfolgt die deklarative Verwaltung einen anderen Ansatz:<\/p>\n\n\n\n<ul class=\"wp-block-list\">\n<li>Der <strong>gew\u00fcnschte Zielzustand<\/strong> des Ger\u00e4ts wird einmal in Form von <strong>Deklarationen<\/strong> festgelegt.<\/li>\n\n\n\n<li>Das <strong>Ger\u00e4t selbst<\/strong> sorgt anschlie\u00dfend proaktiv daf\u00fcr, dass dieser Zustand eingehalten wird.<\/li>\n\n\n\n<li>\u00c4nderungen und Abweichungen meldet das Ger\u00e4t automatisch an den Server zur\u00fcck.<\/li>\n<\/ul>\n\n\n\n<p>Dadurch werden nicht nur Serverlast und Wartezeiten reduziert, sondern auch der Informationsfluss beschleunigt. Administrator:innen erhalten zeitn\u00e4here Statusmeldungen und Endger\u00e4te k\u00f6nnen flexibler auf Bedingungen reagieren.<\/p>\n\n\n\n<h3 class=\"wp-block-heading\" id=\"h-vorteile-fur-unternehmen\">Vorteile f\u00fcr Unternehmen<\/h3>\n\n\n\n<ul class=\"wp-block-list\">\n<li><strong>Effizienzsteigerung:<\/strong> Weniger Abh\u00e4ngigkeit von Serverbefehlen, weniger Push-Nachrichten.<\/li>\n\n\n\n<li><strong>Bessere Transparenz:<\/strong> Sofortige R\u00fcckmeldungen \u00fcber den Ger\u00e4testatus.<\/li>\n\n\n\n<li><strong>Zukunftssicherheit:<\/strong> Eine moderne Verwaltungsmethode, die speziell f\u00fcr gro\u00dfe Ger\u00e4teflotten optimiert ist.<\/li>\n<\/ul>\n\n\n\n<h3 class=\"wp-block-heading\" id=\"h-nahtloser-ubergang\">Nahtloser \u00dcbergang<\/h3>\n\n\n\n<p>Unternehmen m\u00fcssen sich keine Sorgen um ihre bestehenden Ger\u00e4te machen: <strong>iPhones und iPads mit \u00e4lteren Betriebssystemversionen<\/strong> werden weiterhin zuverl\u00e4ssig \u00fcber das klassische MDM verwaltet. Mit iOS\/iPadOS 18 k\u00f6nnen sie jedoch von den Vorteilen der deklarativen Verwaltung profitieren \u2013 automatisch und ohne zus\u00e4tzlichen Aufwand.<\/p>\n","protected":false},"excerpt":{"rendered":"<p>F\u00fcr Ger\u00e4te ab iOS\/iPadOS Version 18 unterst\u00fctzt Cortado MDM ab sofort die deklarative Ger\u00e4teverwaltung von Apple.<\/p>\n","protected":false},"author":5321,"featured_media":12065,"comment_status":"closed","ping_status":"open","sticky":false,"template":"","format":"standard","meta":{"_acf_changed":false,"inline_featured_image":false,"advgb_blocks_editor_width":"","advgb_blocks_columns_visual_guide":"","footnotes":""},"categories":[1,10968],"tags":[],"class_list":["post-15177","post","type-post","status-publish","format-standard","has-post-thumbnail","hentry","category-news","category-produktupdates"],"acf":[],"yoast_head":"<!-- This site is optimized with the Yoast SEO Premium plugin v21.9 (Yoast SEO v27.3) - https:\/\/yoast.com\/product\/yoast-seo-premium-wordpress\/ -->\n<title>Cortado MDM f\u00fchrt Apple&#039;s deklarative Ger\u00e4teverwaltung ein<\/title>\n<meta name=\"robots\" content=\"index, follow, max-snippet:-1, max-image-preview:large, max-video-preview:-1\" \/>\n<link rel=\"canonical\" href=\"https:\/\/www.cortado.com\/de\/news\/cortado-mdm-fuehrt-apples-deklarative-geraeteverwaltung-ein\/\" \/>\n<meta property=\"og:locale\" content=\"de_DE\" \/>\n<meta property=\"og:type\" content=\"article\" \/>\n<meta property=\"og:title\" content=\"Cortado MDM f\u00fchrt Apple&#039;s deklarative Ger\u00e4teverwaltung ein\" \/>\n<meta property=\"og:description\" content=\"F\u00fcr Ger\u00e4te ab iOS\/iPadOS Version 18 unterst\u00fctzt Cortado MDM ab sofort die deklarative Ger\u00e4teverwaltung von Apple.\" \/>\n<meta property=\"og:url\" content=\"https:\/\/www.cortado.com\/de\/news\/cortado-mdm-fuehrt-apples-deklarative-geraeteverwaltung-ein\/\" \/>\n<meta property=\"og:site_name\" content=\"Cortado\" \/>\n<meta property=\"article:publisher\" content=\"https:\/\/www.facebook.com\/CortadoMobileSolutions\/\" \/>\n<meta property=\"article:published_time\" content=\"2025-09-16T11:40:28+00:00\" \/>\n<meta property=\"article:modified_time\" content=\"2025-09-16T11:57:51+00:00\" \/>\n<meta property=\"og:image\" content=\"https:\/\/www.cortado.com\/wp-content\/uploads\/whats-new-widget-de.png\" \/>\n\t<meta property=\"og:image:width\" content=\"720\" \/>\n\t<meta property=\"og:image:height\" content=\"450\" \/>\n\t<meta property=\"og:image:type\" content=\"image\/png\" \/>\n<meta name=\"author\" content=\"Docu Team\" \/>\n<meta name=\"twitter:card\" content=\"summary_large_image\" \/>\n<meta name=\"twitter:creator\" content=\"@cortado_com\" \/>\n<meta name=\"twitter:site\" content=\"@cortado_com\" \/>\n<meta name=\"twitter:label1\" content=\"Verfasst von\" \/>\n\t<meta name=\"twitter:data1\" content=\"Docu Team\" \/>\n\t<meta name=\"twitter:label2\" content=\"Gesch\u00e4tzte Lesezeit\" \/>\n\t<meta name=\"twitter:data2\" content=\"2 Minuten\" \/>\n<script type=\"application\/ld+json\" class=\"yoast-schema-graph\">{\"@context\":\"https:\\\/\\\/schema.org\",\"@graph\":[{\"@type\":\"Article\",\"@id\":\"https:\\\/\\\/www.cortado.com\\\/de\\\/news\\\/cortado-mdm-fuehrt-apples-deklarative-geraeteverwaltung-ein\\\/#article\",\"isPartOf\":{\"@id\":\"https:\\\/\\\/www.cortado.com\\\/de\\\/news\\\/cortado-mdm-fuehrt-apples-deklarative-geraeteverwaltung-ein\\\/\"},\"author\":{\"name\":\"Docu Team\",\"@id\":\"https:\\\/\\\/www.cortado.com\\\/de\\\/#\\\/schema\\\/person\\\/ea2f8fce75b47e559bb7888681fa8faf\"},\"headline\":\"Cortado MDM f\u00fchrt Apple&#8217;s deklarative Ger\u00e4teverwaltung ein\",\"datePublished\":\"2025-09-16T11:40:28+00:00\",\"dateModified\":\"2025-09-16T11:57:51+00:00\",\"mainEntityOfPage\":{\"@id\":\"https:\\\/\\\/www.cortado.com\\\/de\\\/news\\\/cortado-mdm-fuehrt-apples-deklarative-geraeteverwaltung-ein\\\/\"},\"wordCount\":249,\"image\":{\"@id\":\"https:\\\/\\\/www.cortado.com\\\/de\\\/news\\\/cortado-mdm-fuehrt-apples-deklarative-geraeteverwaltung-ein\\\/#primaryimage\"},\"thumbnailUrl\":\"https:\\\/\\\/www.cortado.com\\\/wp-content\\\/uploads\\\/whats-new-widget-de.png\",\"articleSection\":[\"Alle News &amp; Updates\",\"Produkt-Updates\"],\"inLanguage\":\"de-DE\"},{\"@type\":\"WebPage\",\"@id\":\"https:\\\/\\\/www.cortado.com\\\/de\\\/news\\\/cortado-mdm-fuehrt-apples-deklarative-geraeteverwaltung-ein\\\/\",\"url\":\"https:\\\/\\\/www.cortado.com\\\/de\\\/news\\\/cortado-mdm-fuehrt-apples-deklarative-geraeteverwaltung-ein\\\/\",\"name\":\"Cortado MDM f\u00fchrt Apple's deklarative Ger\u00e4teverwaltung ein\",\"isPartOf\":{\"@id\":\"https:\\\/\\\/www.cortado.com\\\/de\\\/#website\"},\"primaryImageOfPage\":{\"@id\":\"https:\\\/\\\/www.cortado.com\\\/de\\\/news\\\/cortado-mdm-fuehrt-apples-deklarative-geraeteverwaltung-ein\\\/#primaryimage\"},\"image\":{\"@id\":\"https:\\\/\\\/www.cortado.com\\\/de\\\/news\\\/cortado-mdm-fuehrt-apples-deklarative-geraeteverwaltung-ein\\\/#primaryimage\"},\"thumbnailUrl\":\"https:\\\/\\\/www.cortado.com\\\/wp-content\\\/uploads\\\/whats-new-widget-de.png\",\"datePublished\":\"2025-09-16T11:40:28+00:00\",\"dateModified\":\"2025-09-16T11:57:51+00:00\",\"author\":{\"@id\":\"https:\\\/\\\/www.cortado.com\\\/de\\\/#\\\/schema\\\/person\\\/ea2f8fce75b47e559bb7888681fa8faf\"},\"breadcrumb\":{\"@id\":\"https:\\\/\\\/www.cortado.com\\\/de\\\/news\\\/cortado-mdm-fuehrt-apples-deklarative-geraeteverwaltung-ein\\\/#breadcrumb\"},\"inLanguage\":\"de-DE\",\"potentialAction\":[{\"@type\":\"ReadAction\",\"target\":[\"https:\\\/\\\/www.cortado.com\\\/de\\\/news\\\/cortado-mdm-fuehrt-apples-deklarative-geraeteverwaltung-ein\\\/\"]}]},{\"@type\":\"ImageObject\",\"inLanguage\":\"de-DE\",\"@id\":\"https:\\\/\\\/www.cortado.com\\\/de\\\/news\\\/cortado-mdm-fuehrt-apples-deklarative-geraeteverwaltung-ein\\\/#primaryimage\",\"url\":\"https:\\\/\\\/www.cortado.com\\\/wp-content\\\/uploads\\\/whats-new-widget-de.png\",\"contentUrl\":\"https:\\\/\\\/www.cortado.com\\\/wp-content\\\/uploads\\\/whats-new-widget-de.png\",\"width\":720,\"height\":450,\"caption\":\"Was ist neu\"},{\"@type\":\"BreadcrumbList\",\"@id\":\"https:\\\/\\\/www.cortado.com\\\/de\\\/news\\\/cortado-mdm-fuehrt-apples-deklarative-geraeteverwaltung-ein\\\/#breadcrumb\",\"itemListElement\":[{\"@type\":\"ListItem\",\"position\":1,\"name\":\"Home\",\"item\":\"https:\\\/\\\/www.cortado.com\\\/de\\\/\"},{\"@type\":\"ListItem\",\"position\":2,\"name\":\"Cortado MDM f\u00fchrt Apple&#8217;s deklarative Ger\u00e4teverwaltung ein\"}]},{\"@type\":\"WebSite\",\"@id\":\"https:\\\/\\\/www.cortado.com\\\/de\\\/#website\",\"url\":\"https:\\\/\\\/www.cortado.com\\\/de\\\/\",\"name\":\"Cortado\",\"description\":\"\",\"potentialAction\":[{\"@type\":\"SearchAction\",\"target\":{\"@type\":\"EntryPoint\",\"urlTemplate\":\"https:\\\/\\\/www.cortado.com\\\/de\\\/?s={search_term_string}\"},\"query-input\":{\"@type\":\"PropertyValueSpecification\",\"valueRequired\":true,\"valueName\":\"search_term_string\"}}],\"inLanguage\":\"de-DE\"},{\"@type\":\"Person\",\"@id\":\"https:\\\/\\\/www.cortado.com\\\/de\\\/#\\\/schema\\\/person\\\/ea2f8fce75b47e559bb7888681fa8faf\",\"name\":\"Docu Team\",\"image\":{\"@type\":\"ImageObject\",\"inLanguage\":\"de-DE\",\"@id\":\"https:\\\/\\\/secure.gravatar.com\\\/avatar\\\/b06e90d77bbf839c38334273f5709f3d025eaae3729634c4cf31059071c53cd8?s=96&d=mm&r=g\",\"url\":\"https:\\\/\\\/secure.gravatar.com\\\/avatar\\\/b06e90d77bbf839c38334273f5709f3d025eaae3729634c4cf31059071c53cd8?s=96&d=mm&r=g\",\"contentUrl\":\"https:\\\/\\\/secure.gravatar.com\\\/avatar\\\/b06e90d77bbf839c38334273f5709f3d025eaae3729634c4cf31059071c53cd8?s=96&d=mm&r=g\",\"caption\":\"Docu Team\"}}]}<\/script>\n<!-- \/ Yoast SEO Premium plugin. -->","yoast_head_json":{"title":"Cortado MDM f\u00fchrt Apple's deklarative Ger\u00e4teverwaltung ein","robots":{"index":"index","follow":"follow","max-snippet":"max-snippet:-1","max-image-preview":"max-image-preview:large","max-video-preview":"max-video-preview:-1"},"canonical":"https:\/\/www.cortado.com\/de\/news\/cortado-mdm-fuehrt-apples-deklarative-geraeteverwaltung-ein\/","og_locale":"de_DE","og_type":"article","og_title":"Cortado MDM f\u00fchrt Apple's deklarative Ger\u00e4teverwaltung ein","og_description":"F\u00fcr Ger\u00e4te ab iOS\/iPadOS Version 18 unterst\u00fctzt Cortado MDM ab sofort die deklarative Ger\u00e4teverwaltung von Apple.","og_url":"https:\/\/www.cortado.com\/de\/news\/cortado-mdm-fuehrt-apples-deklarative-geraeteverwaltung-ein\/","og_site_name":"Cortado","article_publisher":"https:\/\/www.facebook.com\/CortadoMobileSolutions\/","article_published_time":"2025-09-16T11:40:28+00:00","article_modified_time":"2025-09-16T11:57:51+00:00","og_image":[{"width":720,"height":450,"url":"https:\/\/www.cortado.com\/wp-content\/uploads\/whats-new-widget-de.png","type":"image\/png"}],"author":"Docu Team","twitter_card":"summary_large_image","twitter_creator":"@cortado_com","twitter_site":"@cortado_com","twitter_misc":{"Verfasst von":"Docu Team","Gesch\u00e4tzte Lesezeit":"2 Minuten"},"schema":{"@context":"https:\/\/schema.org","@graph":[{"@type":"Article","@id":"https:\/\/www.cortado.com\/de\/news\/cortado-mdm-fuehrt-apples-deklarative-geraeteverwaltung-ein\/#article","isPartOf":{"@id":"https:\/\/www.cortado.com\/de\/news\/cortado-mdm-fuehrt-apples-deklarative-geraeteverwaltung-ein\/"},"author":{"name":"Docu Team","@id":"https:\/\/www.cortado.com\/de\/#\/schema\/person\/ea2f8fce75b47e559bb7888681fa8faf"},"headline":"Cortado MDM f\u00fchrt Apple&#8217;s deklarative Ger\u00e4teverwaltung ein","datePublished":"2025-09-16T11:40:28+00:00","dateModified":"2025-09-16T11:57:51+00:00","mainEntityOfPage":{"@id":"https:\/\/www.cortado.com\/de\/news\/cortado-mdm-fuehrt-apples-deklarative-geraeteverwaltung-ein\/"},"wordCount":249,"image":{"@id":"https:\/\/www.cortado.com\/de\/news\/cortado-mdm-fuehrt-apples-deklarative-geraeteverwaltung-ein\/#primaryimage"},"thumbnailUrl":"https:\/\/www.cortado.com\/wp-content\/uploads\/whats-new-widget-de.png","articleSection":["Alle News &amp; Updates","Produkt-Updates"],"inLanguage":"de-DE"},{"@type":"WebPage","@id":"https:\/\/www.cortado.com\/de\/news\/cortado-mdm-fuehrt-apples-deklarative-geraeteverwaltung-ein\/","url":"https:\/\/www.cortado.com\/de\/news\/cortado-mdm-fuehrt-apples-deklarative-geraeteverwaltung-ein\/","name":"Cortado MDM f\u00fchrt Apple's deklarative Ger\u00e4teverwaltung ein","isPartOf":{"@id":"https:\/\/www.cortado.com\/de\/#website"},"primaryImageOfPage":{"@id":"https:\/\/www.cortado.com\/de\/news\/cortado-mdm-fuehrt-apples-deklarative-geraeteverwaltung-ein\/#primaryimage"},"image":{"@id":"https:\/\/www.cortado.com\/de\/news\/cortado-mdm-fuehrt-apples-deklarative-geraeteverwaltung-ein\/#primaryimage"},"thumbnailUrl":"https:\/\/www.cortado.com\/wp-content\/uploads\/whats-new-widget-de.png","datePublished":"2025-09-16T11:40:28+00:00","dateModified":"2025-09-16T11:57:51+00:00","author":{"@id":"https:\/\/www.cortado.com\/de\/#\/schema\/person\/ea2f8fce75b47e559bb7888681fa8faf"},"breadcrumb":{"@id":"https:\/\/www.cortado.com\/de\/news\/cortado-mdm-fuehrt-apples-deklarative-geraeteverwaltung-ein\/#breadcrumb"},"inLanguage":"de-DE","potentialAction":[{"@type":"ReadAction","target":["https:\/\/www.cortado.com\/de\/news\/cortado-mdm-fuehrt-apples-deklarative-geraeteverwaltung-ein\/"]}]},{"@type":"ImageObject","inLanguage":"de-DE","@id":"https:\/\/www.cortado.com\/de\/news\/cortado-mdm-fuehrt-apples-deklarative-geraeteverwaltung-ein\/#primaryimage","url":"https:\/\/www.cortado.com\/wp-content\/uploads\/whats-new-widget-de.png","contentUrl":"https:\/\/www.cortado.com\/wp-content\/uploads\/whats-new-widget-de.png","width":720,"height":450,"caption":"Was ist neu"},{"@type":"BreadcrumbList","@id":"https:\/\/www.cortado.com\/de\/news\/cortado-mdm-fuehrt-apples-deklarative-geraeteverwaltung-ein\/#breadcrumb","itemListElement":[{"@type":"ListItem","position":1,"name":"Home","item":"https:\/\/www.cortado.com\/de\/"},{"@type":"ListItem","position":2,"name":"Cortado MDM f\u00fchrt Apple&#8217;s deklarative Ger\u00e4teverwaltung ein"}]},{"@type":"WebSite","@id":"https:\/\/www.cortado.com\/de\/#website","url":"https:\/\/www.cortado.com\/de\/","name":"Cortado","description":"","potentialAction":[{"@type":"SearchAction","target":{"@type":"EntryPoint","urlTemplate":"https:\/\/www.cortado.com\/de\/?s={search_term_string}"},"query-input":{"@type":"PropertyValueSpecification","valueRequired":true,"valueName":"search_term_string"}}],"inLanguage":"de-DE"},{"@type":"Person","@id":"https:\/\/www.cortado.com\/de\/#\/schema\/person\/ea2f8fce75b47e559bb7888681fa8faf","name":"Docu Team","image":{"@type":"ImageObject","inLanguage":"de-DE","@id":"https:\/\/secure.gravatar.com\/avatar\/b06e90d77bbf839c38334273f5709f3d025eaae3729634c4cf31059071c53cd8?s=96&d=mm&r=g","url":"https:\/\/secure.gravatar.com\/avatar\/b06e90d77bbf839c38334273f5709f3d025eaae3729634c4cf31059071c53cd8?s=96&d=mm&r=g","contentUrl":"https:\/\/secure.gravatar.com\/avatar\/b06e90d77bbf839c38334273f5709f3d025eaae3729634c4cf31059071c53cd8?s=96&d=mm&r=g","caption":"Docu Team"}}]}},"author_meta":{"display_name":"Docu Team","author_link":"https:\/\/www.cortado.com\/de\/author\/docu\/"},"featured_img":"https:\/\/www.cortado.com\/wp-content\/uploads\/whats-new-widget-de-300x188.png","coauthors":[],"tax_additional":{"categories":{"linked":["<a href=\"https:\/\/www.cortado.com\/de\/kategorie\/news\/\" class=\"advgb-post-tax-term\">Alle News &amp; Updates<\/a>","<a href=\"https:\/\/www.cortado.com\/de\/kategorie\/produktupdates\/\" class=\"advgb-post-tax-term\">Produkt-Updates<\/a>"],"unlinked":["<span class=\"advgb-post-tax-term\">Alle News &amp; Updates<\/span>","<span class=\"advgb-post-tax-term\">Produkt-Updates<\/span>"]}},"comment_count":"0","relative_dates":{"created":"Ver\u00f6ffentlicht 7 Monaten vor","modified":"Aktualisiert 7 Monaten vor"},"absolute_dates":{"created":"Ver\u00f6ffentlicht am September 16, 2025","modified":"Aktualisiert am September 16, 2025"},"absolute_dates_time":{"created":"Ver\u00f6ffentlicht am September 16, 2025 11:40 am","modified":"Aktualisiert am September 16, 2025 11:57 am"},"featured_img_caption":"","series_order":"","_links":{"self":[{"href":"https:\/\/www.cortado.com\/de\/wp-json\/wp\/v2\/posts\/15177","targetHints":{"allow":["GET"]}}],"collection":[{"href":"https:\/\/www.cortado.com\/de\/wp-json\/wp\/v2\/posts"}],"about":[{"href":"https:\/\/www.cortado.com\/de\/wp-json\/wp\/v2\/types\/post"}],"author":[{"embeddable":true,"href":"https:\/\/www.cortado.com\/de\/wp-json\/wp\/v2\/users\/5321"}],"replies":[{"embeddable":true,"href":"https:\/\/www.cortado.com\/de\/wp-json\/wp\/v2\/comments?post=15177"}],"version-history":[{"count":0,"href":"https:\/\/www.cortado.com\/de\/wp-json\/wp\/v2\/posts\/15177\/revisions"}],"wp:featuredmedia":[{"embeddable":true,"href":"https:\/\/www.cortado.com\/de\/wp-json\/wp\/v2\/media\/12065"}],"wp:attachment":[{"href":"https:\/\/www.cortado.com\/de\/wp-json\/wp\/v2\/media?parent=15177"}],"wp:term":[{"taxonomy":"category","embeddable":true,"href":"https:\/\/www.cortado.com\/de\/wp-json\/wp\/v2\/categories?post=15177"},{"taxonomy":"post_tag","embeddable":true,"href":"https:\/\/www.cortado.com\/de\/wp-json\/wp\/v2\/tags?post=15177"}],"curies":[{"name":"wp","href":"https:\/\/api.w.org\/{rel}","templated":true}]}}