{"id":15313,"date":"2025-11-05T10:48:55","date_gmt":"2025-11-05T10:48:55","guid":{"rendered":"https:\/\/www.cortado.com\/?p=15313"},"modified":"2025-11-05T10:48:56","modified_gmt":"2025-11-05T10:48:56","slug":"cortado-erweitert-seine-mdm-loesung-um-mac-management","status":"publish","type":"post","link":"https:\/\/www.cortado.com\/de\/pr\/cortado-erweitert-seine-mdm-loesung-um-mac-management\/","title":{"rendered":"Cortado erweitert seine MDM-L\u00f6sung um Mac-Management"},"content":{"rendered":"\n<p><\/p>\n\n\n\n<h2 class=\"wp-block-heading\" id=\"h-unternehmen-konnen-ios-android-und-ab-sofort-auch-macos-gerate-zentral-uber-eine-plattform-verwalten-mit-hosting-und-datenschutz-made-in-germany\">Unternehmen k\u00f6nnen iOS-, Android- und ab sofort auch macOS-Ger\u00e4te zentral \u00fcber eine Plattform verwalten \u2013 mit Hosting und Datenschutz &#8220;Made in Germany&#8221;<\/h2>\n\n\n\n<p><\/p>\n\n\n\n<p><strong>Berlin, 5. November 2025 \u2013 Cortado Mobile Solutions, f\u00fchrender Anbieter von Mobile-Device-Management-L\u00f6sungen aus Deutschland, erweitert sein Portfolio um leistungsstarkes Mac-Management. Unternehmen k\u00f6nnen ab sofort macOS-Ger\u00e4te gemeinsam mit iOS, iPadOS und Android zentral \u00fcber eine einheitliche Plattform verwalten \u2013 mit h\u00f6chsten Datenschutzstandards und Hosting in Deutschland.<\/strong><\/p>\n\n\n\n<p>Mit der neuen <a href=\"https:\/\/www.cortado.com\/de\/features\/mac-management\/\">Mac-Management-Unterst\u00fctzung<\/a> adressiert Cortado einen wachsenden Bedarf in Unternehmen: Die Zahl der Mac-Ger\u00e4te in Firmenumgebungen steigt kontinuierlich, sodass IT-Abteilungen nach effizienten L\u00f6sungen f\u00fcr die plattform\u00fcbergreifende Ger\u00e4teverwaltung suchen. Oft werden Macs dabei in einzelnen Abteilungen oder Projekten eingesetzt und bislang nur unzureichend in zentrale Verwaltungssysteme eingebunden.<\/p>\n\n\n\n<p>\u201eIn vielen Unternehmen werden Macs bislang dezentral eingesetzt und entziehen sich dadurch oft der zentralen IT-Verwaltung\u201c, erkl\u00e4rt Michael R\u00f6diger, Gesch\u00e4ftsf\u00fchrer von Cortado Mobile Solutions. \u201eMit unserer neuen Mac-Management-Funktion schaffen wir hier Abhilfe: IT-Teams k\u00f6nnen nun alle Ger\u00e4te \u2013 von Android-Ger\u00e4ten, \u00fcber iPhones bis Macs \u2013 \u00fcber eine Plattform verwalten und so Sicherheitsrichtlinien und Compliance-Vorgaben einheitlich umsetzen.\u201c<\/p>\n\n\n\n<p>Die neue Mac Management-L\u00f6sung von Cortado deckt dabei den gesamten Lebenszyklus von macOS-Ger\u00e4ten ab.<\/p>\n\n\n\n<p><strong>Zu den Key-Features geh\u00f6ren:<\/strong><\/p>\n\n\n\n<p><strong>Automatisches Onboarding: <\/strong>Durch die Integration mit Apple Automated Device Enrollment (ADE) werden neue Macs automatisch registriert und konfiguriert \u2013 ohne manuelle Eingriffe der IT-Abteilung.<\/p>\n\n\n\n<p><strong>Zentrale Konfiguration:<\/strong> WLAN- und Exchange sowie Unternehmens-Apps werden \u00fcber Profile zentral vorkonfiguriert und automatisch auf die Ger\u00e4te verteilt.<\/p>\n\n\n\n<p><strong>Sicherheit und Compliance:<\/strong> Standardisierte Richtlinien f\u00fcr Passwortanforderungen, Verschl\u00fcsselung und weitere Sicherheitsvorgaben stellen sicher, dass alle Macs den Unternehmensstandards entsprechen.<\/p>\n\n\n\n<p><strong>App-Management: <\/strong>Admins k\u00f6nnen zentral Apps ausw\u00e4hlen, installieren oder entfernen sowie Lizenzen verwalten (VPP). Verwaltete App-Konfigurationen vereinfachen die Einrichtung und sorgen f\u00fcr einheitliche Einstellungen.<\/p>\n\n\n\n<p><strong>Remote Wipe\/Lock:<\/strong> IT-Teams k\u00f6nnen Macs aus der Ferne neu starten, sperren oder bei Bedarf alle Daten sicher l\u00f6schen.<\/p>\n\n\n\n<p>Als deutscher Anbieter mit Hosting in Deutschland erf\u00fcllt Cortado h\u00f6chste Datenschutzstandards und bietet maximale Rechtssicherheit bei der Verarbeitung sensibler Unternehmensdaten. Die Cortado-L\u00f6sung integriert sich nahtlos in Apple Business Manager (ABM) und Apple School Manager (ASM). Diese Kombination erm\u00f6glicht eine vollst\u00e4ndige, sichere und effiziente Ger\u00e4teverwaltung \u2013 von der automatischen Ger\u00e4teregistrierung bis zur zentralen Lizenzverwaltung.<\/p>\n\n\n\n<p>Das neue Mac Management ist ab sofort verf\u00fcgbar. Interessierte Unternehmen k\u00f6nnen eine kostenlose Demo buchen oder die L\u00f6sung im Rahmen einer Testphase kennenlernen. Weitere Informationen unter:<a href=\"http:\/\/www.cortado.com\"> www.cortado.com<\/a><\/p>\n\n\n\n<p>Die Presseinformation im PDF-Formar kann man hier <a href=\"https:\/\/www.cortado.com\/wp-content\/uploads\/Presseinfo_Mac-Management_de-final.pdf\">herunterladen<\/a>. <\/p>\n","protected":false},"excerpt":{"rendered":"<p>Unternehmen k\u00f6nnen iOS-, Android- und ab sofort auch macOS-Ger\u00e4te zentral mit Cortado MDM \u00fcber eine Plattform verwalten \u2013 mit Hosting und Datenschutz &#8220;Made in Germany&#8221;<\/p>\n","protected":false},"author":8,"featured_media":15315,"comment_status":"closed","ping_status":"open","sticky":false,"template":"","format":"standard","meta":{"_acf_changed":false,"inline_featured_image":false,"advgb_blocks_editor_width":"","advgb_blocks_columns_visual_guide":"","footnotes":""},"categories":[5617],"tags":[],"class_list":["post-15313","post","type-post","status-publish","format-standard","has-post-thumbnail","hentry","category-pr"],"acf":[],"yoast_head":"<!-- This site is optimized with the Yoast SEO Premium plugin v21.9 (Yoast SEO v27.3) - https:\/\/yoast.com\/product\/yoast-seo-premium-wordpress\/ -->\n<title>Cortado erweitert seine MDM-L\u00f6sung um Mac-Management<\/title>\n<meta name=\"description\" content=\"Unternehmen k\u00f6nnen iOS-, Android- und ab sofort mit Cortado MDM auch macOS-Ger\u00e4te zentral \u00fcber eine Plattform verwalten.\" \/>\n<meta name=\"robots\" content=\"index, follow, max-snippet:-1, max-image-preview:large, max-video-preview:-1\" \/>\n<link rel=\"canonical\" href=\"https:\/\/www.cortado.com\/de\/pr\/cortado-erweitert-seine-mdm-loesung-um-mac-management\/\" \/>\n<meta property=\"og:locale\" content=\"de_DE\" \/>\n<meta property=\"og:type\" content=\"article\" \/>\n<meta property=\"og:title\" content=\"Cortado erweitert seine MDM-L\u00f6sung um Mac-Management\" \/>\n<meta property=\"og:description\" content=\"Unternehmen k\u00f6nnen iOS-, Android- und ab sofort mit Cortado MDM auch macOS-Ger\u00e4te zentral \u00fcber eine Plattform verwalten.\" \/>\n<meta property=\"og:url\" content=\"https:\/\/www.cortado.com\/de\/pr\/cortado-erweitert-seine-mdm-loesung-um-mac-management\/\" \/>\n<meta property=\"og:site_name\" content=\"Cortado\" \/>\n<meta property=\"article:publisher\" content=\"https:\/\/www.facebook.com\/CortadoMobileSolutions\/\" \/>\n<meta property=\"article:published_time\" content=\"2025-11-05T10:48:55+00:00\" \/>\n<meta property=\"article:modified_time\" content=\"2025-11-05T10:48:56+00:00\" \/>\n<meta property=\"og:image\" content=\"https:\/\/www.cortado.com\/wp-content\/uploads\/Pressebild-mac-management.png\" \/>\n\t<meta property=\"og:image:width\" content=\"2875\" \/>\n\t<meta property=\"og:image:height\" content=\"1575\" \/>\n\t<meta property=\"og:image:type\" content=\"image\/png\" \/>\n<meta name=\"author\" content=\"Simone Fulton\" \/>\n<meta name=\"twitter:card\" content=\"summary_large_image\" \/>\n<meta name=\"twitter:creator\" content=\"@cortado_com\" \/>\n<meta name=\"twitter:site\" content=\"@cortado_com\" \/>\n<meta name=\"twitter:label1\" content=\"Verfasst von\" \/>\n\t<meta name=\"twitter:data1\" content=\"Simone Fulton\" \/>\n\t<meta name=\"twitter:label2\" content=\"Gesch\u00e4tzte Lesezeit\" \/>\n\t<meta name=\"twitter:data2\" content=\"2 Minuten\" \/>\n<script type=\"application\/ld+json\" class=\"yoast-schema-graph\">{\"@context\":\"https:\\\/\\\/schema.org\",\"@graph\":[{\"@type\":\"Article\",\"@id\":\"https:\\\/\\\/www.cortado.com\\\/de\\\/pr\\\/cortado-erweitert-seine-mdm-loesung-um-mac-management\\\/#article\",\"isPartOf\":{\"@id\":\"https:\\\/\\\/www.cortado.com\\\/de\\\/pr\\\/cortado-erweitert-seine-mdm-loesung-um-mac-management\\\/\"},\"author\":{\"name\":\"Simone Fulton\",\"@id\":\"https:\\\/\\\/www.cortado.com\\\/de\\\/#\\\/schema\\\/person\\\/a208d5b9f4830dc26b3fc3b59dd909ea\"},\"headline\":\"Cortado erweitert seine MDM-L\u00f6sung um Mac-Management\",\"datePublished\":\"2025-11-05T10:48:55+00:00\",\"dateModified\":\"2025-11-05T10:48:56+00:00\",\"mainEntityOfPage\":{\"@id\":\"https:\\\/\\\/www.cortado.com\\\/de\\\/pr\\\/cortado-erweitert-seine-mdm-loesung-um-mac-management\\\/\"},\"wordCount\":420,\"image\":{\"@id\":\"https:\\\/\\\/www.cortado.com\\\/de\\\/pr\\\/cortado-erweitert-seine-mdm-loesung-um-mac-management\\\/#primaryimage\"},\"thumbnailUrl\":\"https:\\\/\\\/www.cortado.com\\\/wp-content\\\/uploads\\\/Pressebild-mac-management.png\",\"articleSection\":[\"Presseinformationen\"],\"inLanguage\":\"de-DE\"},{\"@type\":\"WebPage\",\"@id\":\"https:\\\/\\\/www.cortado.com\\\/de\\\/pr\\\/cortado-erweitert-seine-mdm-loesung-um-mac-management\\\/\",\"url\":\"https:\\\/\\\/www.cortado.com\\\/de\\\/pr\\\/cortado-erweitert-seine-mdm-loesung-um-mac-management\\\/\",\"name\":\"Cortado erweitert seine MDM-L\u00f6sung um Mac-Management\",\"isPartOf\":{\"@id\":\"https:\\\/\\\/www.cortado.com\\\/de\\\/#website\"},\"primaryImageOfPage\":{\"@id\":\"https:\\\/\\\/www.cortado.com\\\/de\\\/pr\\\/cortado-erweitert-seine-mdm-loesung-um-mac-management\\\/#primaryimage\"},\"image\":{\"@id\":\"https:\\\/\\\/www.cortado.com\\\/de\\\/pr\\\/cortado-erweitert-seine-mdm-loesung-um-mac-management\\\/#primaryimage\"},\"thumbnailUrl\":\"https:\\\/\\\/www.cortado.com\\\/wp-content\\\/uploads\\\/Pressebild-mac-management.png\",\"datePublished\":\"2025-11-05T10:48:55+00:00\",\"dateModified\":\"2025-11-05T10:48:56+00:00\",\"author\":{\"@id\":\"https:\\\/\\\/www.cortado.com\\\/de\\\/#\\\/schema\\\/person\\\/a208d5b9f4830dc26b3fc3b59dd909ea\"},\"description\":\"Unternehmen k\u00f6nnen iOS-, Android- und ab sofort mit Cortado MDM auch macOS-Ger\u00e4te zentral \u00fcber eine Plattform verwalten.\",\"breadcrumb\":{\"@id\":\"https:\\\/\\\/www.cortado.com\\\/de\\\/pr\\\/cortado-erweitert-seine-mdm-loesung-um-mac-management\\\/#breadcrumb\"},\"inLanguage\":\"de-DE\",\"potentialAction\":[{\"@type\":\"ReadAction\",\"target\":[\"https:\\\/\\\/www.cortado.com\\\/de\\\/pr\\\/cortado-erweitert-seine-mdm-loesung-um-mac-management\\\/\"]}]},{\"@type\":\"ImageObject\",\"inLanguage\":\"de-DE\",\"@id\":\"https:\\\/\\\/www.cortado.com\\\/de\\\/pr\\\/cortado-erweitert-seine-mdm-loesung-um-mac-management\\\/#primaryimage\",\"url\":\"https:\\\/\\\/www.cortado.com\\\/wp-content\\\/uploads\\\/Pressebild-mac-management.png\",\"contentUrl\":\"https:\\\/\\\/www.cortado.com\\\/wp-content\\\/uploads\\\/Pressebild-mac-management.png\",\"width\":2875,\"height\":1575,\"caption\":\"Mac Management\"},{\"@type\":\"BreadcrumbList\",\"@id\":\"https:\\\/\\\/www.cortado.com\\\/de\\\/pr\\\/cortado-erweitert-seine-mdm-loesung-um-mac-management\\\/#breadcrumb\",\"itemListElement\":[{\"@type\":\"ListItem\",\"position\":1,\"name\":\"Home\",\"item\":\"https:\\\/\\\/www.cortado.com\\\/de\\\/\"},{\"@type\":\"ListItem\",\"position\":2,\"name\":\"Cortado erweitert seine MDM-L\u00f6sung um Mac-Management\"}]},{\"@type\":\"WebSite\",\"@id\":\"https:\\\/\\\/www.cortado.com\\\/de\\\/#website\",\"url\":\"https:\\\/\\\/www.cortado.com\\\/de\\\/\",\"name\":\"Cortado\",\"description\":\"\",\"potentialAction\":[{\"@type\":\"SearchAction\",\"target\":{\"@type\":\"EntryPoint\",\"urlTemplate\":\"https:\\\/\\\/www.cortado.com\\\/de\\\/?s={search_term_string}\"},\"query-input\":{\"@type\":\"PropertyValueSpecification\",\"valueRequired\":true,\"valueName\":\"search_term_string\"}}],\"inLanguage\":\"de-DE\"},{\"@type\":\"Person\",\"@id\":\"https:\\\/\\\/www.cortado.com\\\/de\\\/#\\\/schema\\\/person\\\/a208d5b9f4830dc26b3fc3b59dd909ea\",\"name\":\"Simone Fulton\",\"image\":{\"@type\":\"ImageObject\",\"inLanguage\":\"de-DE\",\"@id\":\"https:\\\/\\\/secure.gravatar.com\\\/avatar\\\/40636cdacf48abcbccbdd0b19f88fbab69252a38f765fb1d02b033d491a6f98f?s=96&d=mm&r=g\",\"url\":\"https:\\\/\\\/secure.gravatar.com\\\/avatar\\\/40636cdacf48abcbccbdd0b19f88fbab69252a38f765fb1d02b033d491a6f98f?s=96&d=mm&r=g\",\"contentUrl\":\"https:\\\/\\\/secure.gravatar.com\\\/avatar\\\/40636cdacf48abcbccbdd0b19f88fbab69252a38f765fb1d02b033d491a6f98f?s=96&d=mm&r=g\",\"caption\":\"Simone Fulton\"}}]}<\/script>\n<!-- \/ Yoast SEO Premium plugin. -->","yoast_head_json":{"title":"Cortado erweitert seine MDM-L\u00f6sung um Mac-Management","description":"Unternehmen k\u00f6nnen iOS-, Android- und ab sofort mit Cortado MDM auch macOS-Ger\u00e4te zentral \u00fcber eine Plattform verwalten.","robots":{"index":"index","follow":"follow","max-snippet":"max-snippet:-1","max-image-preview":"max-image-preview:large","max-video-preview":"max-video-preview:-1"},"canonical":"https:\/\/www.cortado.com\/de\/pr\/cortado-erweitert-seine-mdm-loesung-um-mac-management\/","og_locale":"de_DE","og_type":"article","og_title":"Cortado erweitert seine MDM-L\u00f6sung um Mac-Management","og_description":"Unternehmen k\u00f6nnen iOS-, Android- und ab sofort mit Cortado MDM auch macOS-Ger\u00e4te zentral \u00fcber eine Plattform verwalten.","og_url":"https:\/\/www.cortado.com\/de\/pr\/cortado-erweitert-seine-mdm-loesung-um-mac-management\/","og_site_name":"Cortado","article_publisher":"https:\/\/www.facebook.com\/CortadoMobileSolutions\/","article_published_time":"2025-11-05T10:48:55+00:00","article_modified_time":"2025-11-05T10:48:56+00:00","og_image":[{"width":2875,"height":1575,"url":"https:\/\/www.cortado.com\/wp-content\/uploads\/Pressebild-mac-management.png","type":"image\/png"}],"author":"Simone Fulton","twitter_card":"summary_large_image","twitter_creator":"@cortado_com","twitter_site":"@cortado_com","twitter_misc":{"Verfasst von":"Simone Fulton","Gesch\u00e4tzte Lesezeit":"2 Minuten"},"schema":{"@context":"https:\/\/schema.org","@graph":[{"@type":"Article","@id":"https:\/\/www.cortado.com\/de\/pr\/cortado-erweitert-seine-mdm-loesung-um-mac-management\/#article","isPartOf":{"@id":"https:\/\/www.cortado.com\/de\/pr\/cortado-erweitert-seine-mdm-loesung-um-mac-management\/"},"author":{"name":"Simone Fulton","@id":"https:\/\/www.cortado.com\/de\/#\/schema\/person\/a208d5b9f4830dc26b3fc3b59dd909ea"},"headline":"Cortado erweitert seine MDM-L\u00f6sung um Mac-Management","datePublished":"2025-11-05T10:48:55+00:00","dateModified":"2025-11-05T10:48:56+00:00","mainEntityOfPage":{"@id":"https:\/\/www.cortado.com\/de\/pr\/cortado-erweitert-seine-mdm-loesung-um-mac-management\/"},"wordCount":420,"image":{"@id":"https:\/\/www.cortado.com\/de\/pr\/cortado-erweitert-seine-mdm-loesung-um-mac-management\/#primaryimage"},"thumbnailUrl":"https:\/\/www.cortado.com\/wp-content\/uploads\/Pressebild-mac-management.png","articleSection":["Presseinformationen"],"inLanguage":"de-DE"},{"@type":"WebPage","@id":"https:\/\/www.cortado.com\/de\/pr\/cortado-erweitert-seine-mdm-loesung-um-mac-management\/","url":"https:\/\/www.cortado.com\/de\/pr\/cortado-erweitert-seine-mdm-loesung-um-mac-management\/","name":"Cortado erweitert seine MDM-L\u00f6sung um Mac-Management","isPartOf":{"@id":"https:\/\/www.cortado.com\/de\/#website"},"primaryImageOfPage":{"@id":"https:\/\/www.cortado.com\/de\/pr\/cortado-erweitert-seine-mdm-loesung-um-mac-management\/#primaryimage"},"image":{"@id":"https:\/\/www.cortado.com\/de\/pr\/cortado-erweitert-seine-mdm-loesung-um-mac-management\/#primaryimage"},"thumbnailUrl":"https:\/\/www.cortado.com\/wp-content\/uploads\/Pressebild-mac-management.png","datePublished":"2025-11-05T10:48:55+00:00","dateModified":"2025-11-05T10:48:56+00:00","author":{"@id":"https:\/\/www.cortado.com\/de\/#\/schema\/person\/a208d5b9f4830dc26b3fc3b59dd909ea"},"description":"Unternehmen k\u00f6nnen iOS-, Android- und ab sofort mit Cortado MDM auch macOS-Ger\u00e4te zentral \u00fcber eine Plattform verwalten.","breadcrumb":{"@id":"https:\/\/www.cortado.com\/de\/pr\/cortado-erweitert-seine-mdm-loesung-um-mac-management\/#breadcrumb"},"inLanguage":"de-DE","potentialAction":[{"@type":"ReadAction","target":["https:\/\/www.cortado.com\/de\/pr\/cortado-erweitert-seine-mdm-loesung-um-mac-management\/"]}]},{"@type":"ImageObject","inLanguage":"de-DE","@id":"https:\/\/www.cortado.com\/de\/pr\/cortado-erweitert-seine-mdm-loesung-um-mac-management\/#primaryimage","url":"https:\/\/www.cortado.com\/wp-content\/uploads\/Pressebild-mac-management.png","contentUrl":"https:\/\/www.cortado.com\/wp-content\/uploads\/Pressebild-mac-management.png","width":2875,"height":1575,"caption":"Mac Management"},{"@type":"BreadcrumbList","@id":"https:\/\/www.cortado.com\/de\/pr\/cortado-erweitert-seine-mdm-loesung-um-mac-management\/#breadcrumb","itemListElement":[{"@type":"ListItem","position":1,"name":"Home","item":"https:\/\/www.cortado.com\/de\/"},{"@type":"ListItem","position":2,"name":"Cortado erweitert seine MDM-L\u00f6sung um Mac-Management"}]},{"@type":"WebSite","@id":"https:\/\/www.cortado.com\/de\/#website","url":"https:\/\/www.cortado.com\/de\/","name":"Cortado","description":"","potentialAction":[{"@type":"SearchAction","target":{"@type":"EntryPoint","urlTemplate":"https:\/\/www.cortado.com\/de\/?s={search_term_string}"},"query-input":{"@type":"PropertyValueSpecification","valueRequired":true,"valueName":"search_term_string"}}],"inLanguage":"de-DE"},{"@type":"Person","@id":"https:\/\/www.cortado.com\/de\/#\/schema\/person\/a208d5b9f4830dc26b3fc3b59dd909ea","name":"Simone Fulton","image":{"@type":"ImageObject","inLanguage":"de-DE","@id":"https:\/\/secure.gravatar.com\/avatar\/40636cdacf48abcbccbdd0b19f88fbab69252a38f765fb1d02b033d491a6f98f?s=96&d=mm&r=g","url":"https:\/\/secure.gravatar.com\/avatar\/40636cdacf48abcbccbdd0b19f88fbab69252a38f765fb1d02b033d491a6f98f?s=96&d=mm&r=g","contentUrl":"https:\/\/secure.gravatar.com\/avatar\/40636cdacf48abcbccbdd0b19f88fbab69252a38f765fb1d02b033d491a6f98f?s=96&d=mm&r=g","caption":"Simone Fulton"}}]}},"author_meta":{"display_name":"Simone Fulton","author_link":"https:\/\/www.cortado.com\/de\/author\/siklu\/"},"featured_img":"https:\/\/www.cortado.com\/wp-content\/uploads\/Pressebild-mac-management-300x164.png","coauthors":[],"tax_additional":{"categories":{"linked":["<a href=\"https:\/\/www.cortado.com\/de\/kategorie\/pr\/\" class=\"advgb-post-tax-term\">Presseinformationen<\/a>"],"unlinked":["<span class=\"advgb-post-tax-term\">Presseinformationen<\/span>"]}},"comment_count":"0","relative_dates":{"created":"Ver\u00f6ffentlicht 6 Monaten vor","modified":"Aktualisiert 6 Monaten vor"},"absolute_dates":{"created":"Ver\u00f6ffentlicht am November 5, 2025","modified":"Aktualisiert am November 5, 2025"},"absolute_dates_time":{"created":"Ver\u00f6ffentlicht am November 5, 2025 10:48 am","modified":"Aktualisiert am November 5, 2025 10:48 am"},"featured_img_caption":"","series_order":"","_links":{"self":[{"href":"https:\/\/www.cortado.com\/de\/wp-json\/wp\/v2\/posts\/15313","targetHints":{"allow":["GET"]}}],"collection":[{"href":"https:\/\/www.cortado.com\/de\/wp-json\/wp\/v2\/posts"}],"about":[{"href":"https:\/\/www.cortado.com\/de\/wp-json\/wp\/v2\/types\/post"}],"author":[{"embeddable":true,"href":"https:\/\/www.cortado.com\/de\/wp-json\/wp\/v2\/users\/8"}],"replies":[{"embeddable":true,"href":"https:\/\/www.cortado.com\/de\/wp-json\/wp\/v2\/comments?post=15313"}],"version-history":[{"count":0,"href":"https:\/\/www.cortado.com\/de\/wp-json\/wp\/v2\/posts\/15313\/revisions"}],"wp:featuredmedia":[{"embeddable":true,"href":"https:\/\/www.cortado.com\/de\/wp-json\/wp\/v2\/media\/15315"}],"wp:attachment":[{"href":"https:\/\/www.cortado.com\/de\/wp-json\/wp\/v2\/media?parent=15313"}],"wp:term":[{"taxonomy":"category","embeddable":true,"href":"https:\/\/www.cortado.com\/de\/wp-json\/wp\/v2\/categories?post=15313"},{"taxonomy":"post_tag","embeddable":true,"href":"https:\/\/www.cortado.com\/de\/wp-json\/wp\/v2\/tags?post=15313"}],"curies":[{"name":"wp","href":"https:\/\/api.w.org\/{rel}","templated":true}]}}