{"id":1553,"date":"2019-07-12T09:42:50","date_gmt":"2019-07-12T09:42:50","guid":{"rendered":"https:\/\/cortadoblog1.wpengine.com\/cortado-mobile-solutions-ist-mitglied-im-it-sicherheitsnetzwerk-berlin-brandenburg-its-bb\/"},"modified":"2023-12-12T14:38:10","modified_gmt":"2023-12-12T14:38:10","slug":"it-sicherheitsnetzwerk-berlin-brandenburg-its-bb-mitglied","status":"publish","type":"post","link":"https:\/\/www.cortado.com\/de\/news\/it-sicherheitsnetzwerk-berlin-brandenburg-its-bb-mitglied\/","title":{"rendered":"Cortado ist Mitglied im IT-Sicherheitsnetzwerk Berlin-Brandenburg"},"content":{"rendered":"\n<p><strong>Mit Mitgliedschaft im it&#8217;s.BB \u2013 den IT-Sicherheitsnetzwerk Berlin-Brandenburg \u2013 m\u00f6chten wir helfen, das Thema IT-Sicherheit in der Region rund um unseren Firmensitz zu st\u00e4rken.<\/strong><\/p>\n\n\n\n<p><a rel=\"noreferrer noopener\" aria-label=\" (opens in a new tab)\" href=\"https:\/\/www.itsbb.net\/\" target=\"_blank\">it\u2019s.BB<\/a> ist das neu gegr\u00fcndete IT-Sicherheitsnetzwerk Berlin-Brandenburg. Im Rahmen dieses Netzwerks m\u00f6chte Cortado Mobile Solutions dazu beitragen, das Thema IT-Sicherheit in der Hauptstadtregion zu st\u00e4rken und das Zusammenwachsen der Branche mit anderen Wirtschaftsbereichen in Berlin und Brandenburg unterst\u00fctzen.<\/p>\n\n\n\n<p>Das IT-Sicherheitsnetzwerk Berlin-Brandenburg <strong><a rel=\"noreferrer noopener\" aria-label=\" (opens in a new tab)\" href=\"https:\/\/www.itsbb.net\/\" target=\"_blank\">it\u2019s.BB<\/a><\/strong> wurde Ende des Jahres 2018 auf Initiative von 10 Gr\u00fcndungsmitgliedern aus der Cyber-Sicherheitsbranche gegr\u00fcndet. Ziel des it\u2019s.BB ist es, als kompetenter Ansprechpartner und Koordinator bei Projekten mit IT-Sicherheitsbezug zu fungieren und durch gemeinsame Initiativen die Zusammenarbeit zwischen Mitgliedern, Unternehmen, Einrichtungen und regionalen Akteuren zu verbessern.<\/p>\n\n\n\n<h2 class=\"wp-block-heading\" id=\"h-das-thema-it-sicherheit-wird-immer-wichtiger\">Das Thema IT-Sicherheit wird immer wichtiger<\/h2>\n\n\n\n<p>Als Anbieter von Enterprise-Mobility-L\u00f6sungen spielt das Thema IT-Sicherheit f\u00fcr uns, Cortado Mobile Solutions, eine bedeutende Rolle. Mit unseren L\u00f6sungen adressieren wir Unternehmen und Organisationen, die vor der Herausforderung stehen, mobile Ger\u00e4te sicher und datenschutz-konform bereitzustellen, ohne Mitarbeiter in ihren Arbeitsroutinen einzuschr\u00e4nken. Unsere Produkte <strong><a href=\"https:\/\/www.cortado.com\/de\/produkte\/mdm\/\">Cortado MDM<\/a><\/strong> und <strong><a href=\"https:\/\/www.teamplace.net\/de\/\">Teamplace<\/a><\/strong> erf\u00fcllen hier h\u00f6chste Sicherheitsanforderungen.<\/p>\n\n\n\n<p>Im Rahmen des\nit\u2019s.BB m\u00f6chten wir unsere Erfahrungen und Expertise einbringen und uns\nengagieren, um das Thema IT-Sicherheit in der Region zu f\u00f6rdern. Wir freuen uns\nauf einen regen Wissensaustausch und spannende Projekte!<\/p>\n","protected":false},"excerpt":{"rendered":"<p>it\u2019s.BB ist das neu gegr\u00fcndete IT-Sicherheitsnetzwerk Berlin-Brandenburg. Im Rahmen dieses Netzwerks m\u00f6chte Cortado Mobile Solutions dazu beitragen, das Thema IT-Sicherheit in der Hauptstadtregion zu st\u00e4rken und das Zusammenwachsen der Branche mit anderen Wirtschaftsbereichen in Berlin und Brandenburg zu unterst\u00fctzen.<\/p>\n","protected":false},"author":9,"featured_media":10239,"comment_status":"closed","ping_status":"open","sticky":false,"template":"","format":"standard","meta":{"_acf_changed":false,"inline_featured_image":false,"advgb_blocks_editor_width":"","advgb_blocks_columns_visual_guide":"","footnotes":""},"categories":[1],"tags":[],"class_list":["post-1553","post","type-post","status-publish","format-standard","has-post-thumbnail","hentry","category-news"],"acf":[],"yoast_head":"<!-- This site is optimized with the Yoast SEO Premium plugin v21.9 (Yoast SEO v27.3) - https:\/\/yoast.com\/product\/yoast-seo-premium-wordpress\/ -->\n<title>Cortado ist jetzt Teil des IT-Sicherheitsnetzwerks<\/title>\n<meta name=\"description\" content=\"Cortado ist Mitglied im IT-Sicherheitsnetzwerk Berlin-Brandenburg. Wir freuen uns auf einen regen Wissensaustausch und spannende Projekte!\" \/>\n<meta name=\"robots\" content=\"index, follow, max-snippet:-1, max-image-preview:large, max-video-preview:-1\" \/>\n<link rel=\"canonical\" href=\"https:\/\/www.cortado.com\/de\/news\/it-sicherheitsnetzwerk-berlin-brandenburg-its-bb-mitglied\/\" \/>\n<meta property=\"og:locale\" content=\"de_DE\" \/>\n<meta property=\"og:type\" content=\"article\" \/>\n<meta property=\"og:title\" content=\"Cortado ist Mitglied im IT-Sicherheitsnetzwerk Berlin-Brandenburg\" \/>\n<meta property=\"og:description\" content=\"Cortado ist Mitglied im IT-Sicherheitsnetzwerk Berlin-Brandenburg. Wir freuen uns auf einen regen Wissensaustausch und spannende Projekte!\" \/>\n<meta property=\"og:url\" content=\"https:\/\/www.cortado.com\/de\/news\/it-sicherheitsnetzwerk-berlin-brandenburg-its-bb-mitglied\/\" \/>\n<meta property=\"og:site_name\" content=\"Cortado\" \/>\n<meta property=\"article:publisher\" content=\"https:\/\/www.facebook.com\/CortadoMobileSolutions\/\" \/>\n<meta property=\"article:published_time\" content=\"2019-07-12T09:42:50+00:00\" \/>\n<meta property=\"article:modified_time\" content=\"2023-12-12T14:38:10+00:00\" \/>\n<meta property=\"og:image\" content=\"https:\/\/www.cortado.com\/wp-content\/uploads\/Logo_itsBB_neg-1024x327-1.jpg\" \/>\n\t<meta property=\"og:image:width\" content=\"1024\" \/>\n\t<meta property=\"og:image:height\" content=\"327\" \/>\n\t<meta property=\"og:image:type\" content=\"image\/jpeg\" \/>\n<meta name=\"author\" content=\"Linda Martin\" \/>\n<meta name=\"twitter:card\" content=\"summary_large_image\" \/>\n<meta name=\"twitter:creator\" content=\"@cortado_com\" \/>\n<meta name=\"twitter:site\" content=\"@cortado_com\" \/>\n<meta name=\"twitter:label1\" content=\"Verfasst von\" \/>\n\t<meta name=\"twitter:data1\" content=\"Linda Martin\" \/>\n\t<meta name=\"twitter:label2\" content=\"Gesch\u00e4tzte Lesezeit\" \/>\n\t<meta name=\"twitter:data2\" content=\"1 Minute\" \/>\n<script type=\"application\/ld+json\" class=\"yoast-schema-graph\">{\"@context\":\"https:\\\/\\\/schema.org\",\"@graph\":[{\"@type\":\"Article\",\"@id\":\"https:\\\/\\\/www.cortado.com\\\/de\\\/news\\\/it-sicherheitsnetzwerk-berlin-brandenburg-its-bb-mitglied\\\/#article\",\"isPartOf\":{\"@id\":\"https:\\\/\\\/www.cortado.com\\\/de\\\/news\\\/it-sicherheitsnetzwerk-berlin-brandenburg-its-bb-mitglied\\\/\"},\"author\":{\"name\":\"Linda Martin\",\"@id\":\"https:\\\/\\\/www.cortado.com\\\/de\\\/#\\\/schema\\\/person\\\/bce793b04e167f7733aca5d56885d31e\"},\"headline\":\"Cortado ist Mitglied im IT-Sicherheitsnetzwerk Berlin-Brandenburg\",\"datePublished\":\"2019-07-12T09:42:50+00:00\",\"dateModified\":\"2023-12-12T14:38:10+00:00\",\"mainEntityOfPage\":{\"@id\":\"https:\\\/\\\/www.cortado.com\\\/de\\\/news\\\/it-sicherheitsnetzwerk-berlin-brandenburg-its-bb-mitglied\\\/\"},\"wordCount\":230,\"image\":{\"@id\":\"https:\\\/\\\/www.cortado.com\\\/de\\\/news\\\/it-sicherheitsnetzwerk-berlin-brandenburg-its-bb-mitglied\\\/#primaryimage\"},\"thumbnailUrl\":\"https:\\\/\\\/www.cortado.com\\\/wp-content\\\/uploads\\\/Logo_itsBB_neg-1024x327-1.jpg\",\"articleSection\":[\"Alle News &amp; Updates\"],\"inLanguage\":\"de-DE\"},{\"@type\":\"WebPage\",\"@id\":\"https:\\\/\\\/www.cortado.com\\\/de\\\/news\\\/it-sicherheitsnetzwerk-berlin-brandenburg-its-bb-mitglied\\\/\",\"url\":\"https:\\\/\\\/www.cortado.com\\\/de\\\/news\\\/it-sicherheitsnetzwerk-berlin-brandenburg-its-bb-mitglied\\\/\",\"name\":\"Cortado ist jetzt Teil des IT-Sicherheitsnetzwerks\",\"isPartOf\":{\"@id\":\"https:\\\/\\\/www.cortado.com\\\/de\\\/#website\"},\"primaryImageOfPage\":{\"@id\":\"https:\\\/\\\/www.cortado.com\\\/de\\\/news\\\/it-sicherheitsnetzwerk-berlin-brandenburg-its-bb-mitglied\\\/#primaryimage\"},\"image\":{\"@id\":\"https:\\\/\\\/www.cortado.com\\\/de\\\/news\\\/it-sicherheitsnetzwerk-berlin-brandenburg-its-bb-mitglied\\\/#primaryimage\"},\"thumbnailUrl\":\"https:\\\/\\\/www.cortado.com\\\/wp-content\\\/uploads\\\/Logo_itsBB_neg-1024x327-1.jpg\",\"datePublished\":\"2019-07-12T09:42:50+00:00\",\"dateModified\":\"2023-12-12T14:38:10+00:00\",\"author\":{\"@id\":\"https:\\\/\\\/www.cortado.com\\\/de\\\/#\\\/schema\\\/person\\\/bce793b04e167f7733aca5d56885d31e\"},\"description\":\"Cortado ist Mitglied im IT-Sicherheitsnetzwerk Berlin-Brandenburg. Wir freuen uns auf einen regen Wissensaustausch und spannende Projekte!\",\"breadcrumb\":{\"@id\":\"https:\\\/\\\/www.cortado.com\\\/de\\\/news\\\/it-sicherheitsnetzwerk-berlin-brandenburg-its-bb-mitglied\\\/#breadcrumb\"},\"inLanguage\":\"de-DE\",\"potentialAction\":[{\"@type\":\"ReadAction\",\"target\":[\"https:\\\/\\\/www.cortado.com\\\/de\\\/news\\\/it-sicherheitsnetzwerk-berlin-brandenburg-its-bb-mitglied\\\/\"]}]},{\"@type\":\"ImageObject\",\"inLanguage\":\"de-DE\",\"@id\":\"https:\\\/\\\/www.cortado.com\\\/de\\\/news\\\/it-sicherheitsnetzwerk-berlin-brandenburg-its-bb-mitglied\\\/#primaryimage\",\"url\":\"https:\\\/\\\/www.cortado.com\\\/wp-content\\\/uploads\\\/Logo_itsBB_neg-1024x327-1.jpg\",\"contentUrl\":\"https:\\\/\\\/www.cortado.com\\\/wp-content\\\/uploads\\\/Logo_itsBB_neg-1024x327-1.jpg\",\"width\":1024,\"height\":327,\"caption\":\"it's.BB Logo\"},{\"@type\":\"BreadcrumbList\",\"@id\":\"https:\\\/\\\/www.cortado.com\\\/de\\\/news\\\/it-sicherheitsnetzwerk-berlin-brandenburg-its-bb-mitglied\\\/#breadcrumb\",\"itemListElement\":[{\"@type\":\"ListItem\",\"position\":1,\"name\":\"Home\",\"item\":\"https:\\\/\\\/www.cortado.com\\\/de\\\/\"},{\"@type\":\"ListItem\",\"position\":2,\"name\":\"Cortado ist Mitglied im IT-Sicherheitsnetzwerk Berlin-Brandenburg\"}]},{\"@type\":\"WebSite\",\"@id\":\"https:\\\/\\\/www.cortado.com\\\/de\\\/#website\",\"url\":\"https:\\\/\\\/www.cortado.com\\\/de\\\/\",\"name\":\"Cortado\",\"description\":\"\",\"potentialAction\":[{\"@type\":\"SearchAction\",\"target\":{\"@type\":\"EntryPoint\",\"urlTemplate\":\"https:\\\/\\\/www.cortado.com\\\/de\\\/?s={search_term_string}\"},\"query-input\":{\"@type\":\"PropertyValueSpecification\",\"valueRequired\":true,\"valueName\":\"search_term_string\"}}],\"inLanguage\":\"de-DE\"},{\"@type\":\"Person\",\"@id\":\"https:\\\/\\\/www.cortado.com\\\/de\\\/#\\\/schema\\\/person\\\/bce793b04e167f7733aca5d56885d31e\",\"name\":\"Linda Martin\",\"image\":{\"@type\":\"ImageObject\",\"inLanguage\":\"de-DE\",\"@id\":\"https:\\\/\\\/secure.gravatar.com\\\/avatar\\\/b8b2cbec0363e39d61f72f0834b3344454e2c95f7963061bcea8034f638c1247?s=96&d=mm&r=g\",\"url\":\"https:\\\/\\\/secure.gravatar.com\\\/avatar\\\/b8b2cbec0363e39d61f72f0834b3344454e2c95f7963061bcea8034f638c1247?s=96&d=mm&r=g\",\"contentUrl\":\"https:\\\/\\\/secure.gravatar.com\\\/avatar\\\/b8b2cbec0363e39d61f72f0834b3344454e2c95f7963061bcea8034f638c1247?s=96&d=mm&r=g\",\"caption\":\"Linda Martin\"}}]}<\/script>\n<!-- \/ Yoast SEO Premium plugin. -->","yoast_head_json":{"title":"Cortado ist jetzt Teil des IT-Sicherheitsnetzwerks","description":"Cortado ist Mitglied im IT-Sicherheitsnetzwerk Berlin-Brandenburg. Wir freuen uns auf einen regen Wissensaustausch und spannende Projekte!","robots":{"index":"index","follow":"follow","max-snippet":"max-snippet:-1","max-image-preview":"max-image-preview:large","max-video-preview":"max-video-preview:-1"},"canonical":"https:\/\/www.cortado.com\/de\/news\/it-sicherheitsnetzwerk-berlin-brandenburg-its-bb-mitglied\/","og_locale":"de_DE","og_type":"article","og_title":"Cortado ist Mitglied im IT-Sicherheitsnetzwerk Berlin-Brandenburg","og_description":"Cortado ist Mitglied im IT-Sicherheitsnetzwerk Berlin-Brandenburg. Wir freuen uns auf einen regen Wissensaustausch und spannende Projekte!","og_url":"https:\/\/www.cortado.com\/de\/news\/it-sicherheitsnetzwerk-berlin-brandenburg-its-bb-mitglied\/","og_site_name":"Cortado","article_publisher":"https:\/\/www.facebook.com\/CortadoMobileSolutions\/","article_published_time":"2019-07-12T09:42:50+00:00","article_modified_time":"2023-12-12T14:38:10+00:00","og_image":[{"width":1024,"height":327,"url":"https:\/\/www.cortado.com\/wp-content\/uploads\/Logo_itsBB_neg-1024x327-1.jpg","type":"image\/jpeg"}],"author":"Linda Martin","twitter_card":"summary_large_image","twitter_creator":"@cortado_com","twitter_site":"@cortado_com","twitter_misc":{"Verfasst von":"Linda Martin","Gesch\u00e4tzte Lesezeit":"1 Minute"},"schema":{"@context":"https:\/\/schema.org","@graph":[{"@type":"Article","@id":"https:\/\/www.cortado.com\/de\/news\/it-sicherheitsnetzwerk-berlin-brandenburg-its-bb-mitglied\/#article","isPartOf":{"@id":"https:\/\/www.cortado.com\/de\/news\/it-sicherheitsnetzwerk-berlin-brandenburg-its-bb-mitglied\/"},"author":{"name":"Linda Martin","@id":"https:\/\/www.cortado.com\/de\/#\/schema\/person\/bce793b04e167f7733aca5d56885d31e"},"headline":"Cortado ist Mitglied im IT-Sicherheitsnetzwerk Berlin-Brandenburg","datePublished":"2019-07-12T09:42:50+00:00","dateModified":"2023-12-12T14:38:10+00:00","mainEntityOfPage":{"@id":"https:\/\/www.cortado.com\/de\/news\/it-sicherheitsnetzwerk-berlin-brandenburg-its-bb-mitglied\/"},"wordCount":230,"image":{"@id":"https:\/\/www.cortado.com\/de\/news\/it-sicherheitsnetzwerk-berlin-brandenburg-its-bb-mitglied\/#primaryimage"},"thumbnailUrl":"https:\/\/www.cortado.com\/wp-content\/uploads\/Logo_itsBB_neg-1024x327-1.jpg","articleSection":["Alle News &amp; Updates"],"inLanguage":"de-DE"},{"@type":"WebPage","@id":"https:\/\/www.cortado.com\/de\/news\/it-sicherheitsnetzwerk-berlin-brandenburg-its-bb-mitglied\/","url":"https:\/\/www.cortado.com\/de\/news\/it-sicherheitsnetzwerk-berlin-brandenburg-its-bb-mitglied\/","name":"Cortado ist jetzt Teil des IT-Sicherheitsnetzwerks","isPartOf":{"@id":"https:\/\/www.cortado.com\/de\/#website"},"primaryImageOfPage":{"@id":"https:\/\/www.cortado.com\/de\/news\/it-sicherheitsnetzwerk-berlin-brandenburg-its-bb-mitglied\/#primaryimage"},"image":{"@id":"https:\/\/www.cortado.com\/de\/news\/it-sicherheitsnetzwerk-berlin-brandenburg-its-bb-mitglied\/#primaryimage"},"thumbnailUrl":"https:\/\/www.cortado.com\/wp-content\/uploads\/Logo_itsBB_neg-1024x327-1.jpg","datePublished":"2019-07-12T09:42:50+00:00","dateModified":"2023-12-12T14:38:10+00:00","author":{"@id":"https:\/\/www.cortado.com\/de\/#\/schema\/person\/bce793b04e167f7733aca5d56885d31e"},"description":"Cortado ist Mitglied im IT-Sicherheitsnetzwerk Berlin-Brandenburg. Wir freuen uns auf einen regen Wissensaustausch und spannende Projekte!","breadcrumb":{"@id":"https:\/\/www.cortado.com\/de\/news\/it-sicherheitsnetzwerk-berlin-brandenburg-its-bb-mitglied\/#breadcrumb"},"inLanguage":"de-DE","potentialAction":[{"@type":"ReadAction","target":["https:\/\/www.cortado.com\/de\/news\/it-sicherheitsnetzwerk-berlin-brandenburg-its-bb-mitglied\/"]}]},{"@type":"ImageObject","inLanguage":"de-DE","@id":"https:\/\/www.cortado.com\/de\/news\/it-sicherheitsnetzwerk-berlin-brandenburg-its-bb-mitglied\/#primaryimage","url":"https:\/\/www.cortado.com\/wp-content\/uploads\/Logo_itsBB_neg-1024x327-1.jpg","contentUrl":"https:\/\/www.cortado.com\/wp-content\/uploads\/Logo_itsBB_neg-1024x327-1.jpg","width":1024,"height":327,"caption":"it's.BB Logo"},{"@type":"BreadcrumbList","@id":"https:\/\/www.cortado.com\/de\/news\/it-sicherheitsnetzwerk-berlin-brandenburg-its-bb-mitglied\/#breadcrumb","itemListElement":[{"@type":"ListItem","position":1,"name":"Home","item":"https:\/\/www.cortado.com\/de\/"},{"@type":"ListItem","position":2,"name":"Cortado ist Mitglied im IT-Sicherheitsnetzwerk Berlin-Brandenburg"}]},{"@type":"WebSite","@id":"https:\/\/www.cortado.com\/de\/#website","url":"https:\/\/www.cortado.com\/de\/","name":"Cortado","description":"","potentialAction":[{"@type":"SearchAction","target":{"@type":"EntryPoint","urlTemplate":"https:\/\/www.cortado.com\/de\/?s={search_term_string}"},"query-input":{"@type":"PropertyValueSpecification","valueRequired":true,"valueName":"search_term_string"}}],"inLanguage":"de-DE"},{"@type":"Person","@id":"https:\/\/www.cortado.com\/de\/#\/schema\/person\/bce793b04e167f7733aca5d56885d31e","name":"Linda Martin","image":{"@type":"ImageObject","inLanguage":"de-DE","@id":"https:\/\/secure.gravatar.com\/avatar\/b8b2cbec0363e39d61f72f0834b3344454e2c95f7963061bcea8034f638c1247?s=96&d=mm&r=g","url":"https:\/\/secure.gravatar.com\/avatar\/b8b2cbec0363e39d61f72f0834b3344454e2c95f7963061bcea8034f638c1247?s=96&d=mm&r=g","contentUrl":"https:\/\/secure.gravatar.com\/avatar\/b8b2cbec0363e39d61f72f0834b3344454e2c95f7963061bcea8034f638c1247?s=96&d=mm&r=g","caption":"Linda Martin"}}]}},"author_meta":{"display_name":"Linda Martin","author_link":"https:\/\/www.cortado.com\/de\/author\/dani\/"},"featured_img":"https:\/\/www.cortado.com\/wp-content\/uploads\/Logo_itsBB_neg-1024x327-1-300x96.jpg","coauthors":[],"tax_additional":{"categories":{"linked":["<a href=\"https:\/\/www.cortado.com\/de\/kategorie\/news\/\" class=\"advgb-post-tax-term\">Alle News &amp; Updates<\/a>"],"unlinked":["<span class=\"advgb-post-tax-term\">Alle News &amp; Updates<\/span>"]}},"comment_count":"0","relative_dates":{"created":"Ver\u00f6ffentlicht 7 Jahren vor","modified":"Aktualisiert 2 Jahren vor"},"absolute_dates":{"created":"Ver\u00f6ffentlicht am Juli 12, 2019","modified":"Aktualisiert am Dezember 12, 2023"},"absolute_dates_time":{"created":"Ver\u00f6ffentlicht am Juli 12, 2019 9:42 am","modified":"Aktualisiert am Dezember 12, 2023 2:38 pm"},"featured_img_caption":"","series_order":"","_links":{"self":[{"href":"https:\/\/www.cortado.com\/de\/wp-json\/wp\/v2\/posts\/1553","targetHints":{"allow":["GET"]}}],"collection":[{"href":"https:\/\/www.cortado.com\/de\/wp-json\/wp\/v2\/posts"}],"about":[{"href":"https:\/\/www.cortado.com\/de\/wp-json\/wp\/v2\/types\/post"}],"author":[{"embeddable":true,"href":"https:\/\/www.cortado.com\/de\/wp-json\/wp\/v2\/users\/9"}],"replies":[{"embeddable":true,"href":"https:\/\/www.cortado.com\/de\/wp-json\/wp\/v2\/comments?post=1553"}],"version-history":[{"count":0,"href":"https:\/\/www.cortado.com\/de\/wp-json\/wp\/v2\/posts\/1553\/revisions"}],"wp:featuredmedia":[{"embeddable":true,"href":"https:\/\/www.cortado.com\/de\/wp-json\/wp\/v2\/media\/10239"}],"wp:attachment":[{"href":"https:\/\/www.cortado.com\/de\/wp-json\/wp\/v2\/media?parent=1553"}],"wp:term":[{"taxonomy":"category","embeddable":true,"href":"https:\/\/www.cortado.com\/de\/wp-json\/wp\/v2\/categories?post=1553"},{"taxonomy":"post_tag","embeddable":true,"href":"https:\/\/www.cortado.com\/de\/wp-json\/wp\/v2\/tags?post=1553"}],"curies":[{"name":"wp","href":"https:\/\/api.w.org\/{rel}","templated":true}]}}