{"id":1560,"date":"2018-10-30T14:00:56","date_gmt":"2018-10-30T14:00:56","guid":{"rendered":"https:\/\/cortadoblog1.wpengine.com\/cortado-gewinnt-enterprise-mobility-award\/"},"modified":"2023-12-12T14:29:13","modified_gmt":"2023-12-12T14:29:13","slug":"cortado-gewinnt-enterprise-mobility-award","status":"publish","type":"post","link":"https:\/\/www.cortado.com\/de\/news\/cortado-gewinnt-enterprise-mobility-award\/","title":{"rendered":"Cortado gewinnt den Enterprise Mobility Award in Platin"},"content":{"rendered":"\n<p class=\"has-medium-font-size\">Auf dem Enterprise Mobility Summit der Vogel IT-Akademie in Frankfurt am Main wurden Cortado Mobile Solutions und das Startup\u00a0<strong>everphone<\/strong>\u00a0f\u00fcr ein gemeinsames Kundenprojekt mit dem Enterprise Mobility Award \u201eCustomer Experience &amp; Services\u201c in Platin ausgezeichnet.<\/p>\n\n\n\n<p>Der Kunde suchte f\u00fcr seine Vertriebsmitarbeiter eine unkomplizierte L\u00f6sung zum mobilen Arbeiten. Die Samsung-Ger\u00e4te erhalten die Mitarbeiter bei everphone im Mietmodell. Im Reparatur- oder Verlustfall werden Ger\u00e4te von everphone unkompliziert und kostenfrei ausgetauscht. <\/p>\n\n\n\n<p>Gemanagt werden die Android-Ger\u00e4te mit der L\u00f6sung&nbsp;<a rel=\"noreferrer noopener\" href=\"https:\/\/www.cortado.com\/de\/produkte\/mdm\/\" target=\"_blank\"><strong>Cortado MDM<\/strong><\/a>. Dank Cortado MDM k\u00f6nnen die Mitarbeiter DSGVO-konform arbeiten, ohne unterschiedliche Ger\u00e4te f\u00fcr die private und berufliche Nutzung im Einsatz haben zu m\u00fcssen. Gehen Ger\u00e4te verloren, k\u00f6nnen sie sofort geblockt und gesch\u00e4ftliche Daten vor Fremdzugriff gesch\u00fctzt werden.<\/p>\n\n\n\n<figure class=\"wp-block-image advgb-dyn-15410e0b\"><img decoding=\"async\" src=\"https:\/\/blog.cortado.com\/wp-content\/uploads\/Enterprise-Mobility-Award-Verleihung.jpg\" alt=\" \u00dcbergabe des Enterprise Mobility Awards auf dem Enterprise Mobility Summit der Vogel IT-Akademie in Frankfurt am Main. \" class=\"wp-image-1561\"\/><figcaption class=\"wp-element-caption\"> \u00dcbergabe des Enterprise Mobility Awards auf dem Enterprise Mobility Summit der Vogel IT-Akademie in Frankfurt am Main. <\/figcaption><\/figure>\n","protected":false},"excerpt":{"rendered":"<p>Auf dem Enterprise Mobility Summit der Vogel IT-Akademie in Frankfurt am Main wurden Cortado Mobile Solutions und das Startup everphone f\u00fcr ein gemeinsames Kundenprojekt mit dem Enterprise Mobility Award \u201eCustomer Experience &amp; Services\u201c in Platin ausgezeichnet.<\/p>\n","protected":false},"author":9,"featured_media":10237,"comment_status":"closed","ping_status":"open","sticky":false,"template":"","format":"standard","meta":{"_acf_changed":false,"inline_featured_image":false,"advgb_blocks_editor_width":"","advgb_blocks_columns_visual_guide":"","footnotes":""},"categories":[1],"tags":[],"class_list":["post-1560","post","type-post","status-publish","format-standard","has-post-thumbnail","hentry","category-news"],"acf":[],"yoast_head":"<!-- This site is optimized with the Yoast SEO Premium plugin v21.9 (Yoast SEO v27.3) - https:\/\/yoast.com\/product\/yoast-seo-premium-wordpress\/ -->\n<title>Cortado gewinnt Enterprise Mobility Award 2018<\/title>\n<meta name=\"description\" content=\"Auf dem Enterprise Mobility Summit wurde Cortado f\u00fcr ein Kundenprojekt mit dem Enterprise Mobility Award in Platin ausgezeichnet.\" \/>\n<meta name=\"robots\" content=\"index, follow, max-snippet:-1, max-image-preview:large, max-video-preview:-1\" \/>\n<link rel=\"canonical\" href=\"https:\/\/www.cortado.com\/de\/news\/cortado-gewinnt-enterprise-mobility-award\/\" \/>\n<meta property=\"og:locale\" content=\"de_DE\" \/>\n<meta property=\"og:type\" content=\"article\" \/>\n<meta property=\"og:title\" content=\"Cortado gewinnt den Enterprise Mobility Award in Platin\" \/>\n<meta property=\"og:description\" content=\"Auf dem Enterprise Mobility Summit wurde Cortado f\u00fcr ein Kundenprojekt mit dem Enterprise Mobility Award in Platin ausgezeichnet.\" \/>\n<meta property=\"og:url\" content=\"https:\/\/www.cortado.com\/de\/news\/cortado-gewinnt-enterprise-mobility-award\/\" \/>\n<meta property=\"og:site_name\" content=\"Cortado\" \/>\n<meta property=\"article:publisher\" content=\"https:\/\/www.facebook.com\/CortadoMobileSolutions\/\" \/>\n<meta property=\"article:published_time\" content=\"2018-10-30T14:00:56+00:00\" \/>\n<meta property=\"article:modified_time\" content=\"2023-12-12T14:29:13+00:00\" \/>\n<meta property=\"og:image\" content=\"https:\/\/www.cortado.com\/wp-content\/uploads\/Enterprise-Mobility-Award-Verleihung-1.jpg\" \/>\n\t<meta property=\"og:image:width\" content=\"800\" \/>\n\t<meta property=\"og:image:height\" content=\"600\" \/>\n\t<meta property=\"og:image:type\" content=\"image\/jpeg\" \/>\n<meta name=\"author\" content=\"Linda Martin\" \/>\n<meta name=\"twitter:card\" content=\"summary_large_image\" \/>\n<meta name=\"twitter:creator\" content=\"@cortado_com\" \/>\n<meta name=\"twitter:site\" content=\"@cortado_com\" \/>\n<meta name=\"twitter:label1\" content=\"Verfasst von\" \/>\n\t<meta name=\"twitter:data1\" content=\"Linda Martin\" \/>\n\t<meta name=\"twitter:label2\" content=\"Gesch\u00e4tzte Lesezeit\" \/>\n\t<meta name=\"twitter:data2\" content=\"1 Minute\" \/>\n<script type=\"application\/ld+json\" class=\"yoast-schema-graph\">{\"@context\":\"https:\\\/\\\/schema.org\",\"@graph\":[{\"@type\":\"Article\",\"@id\":\"https:\\\/\\\/www.cortado.com\\\/de\\\/news\\\/cortado-gewinnt-enterprise-mobility-award\\\/#article\",\"isPartOf\":{\"@id\":\"https:\\\/\\\/www.cortado.com\\\/de\\\/news\\\/cortado-gewinnt-enterprise-mobility-award\\\/\"},\"author\":{\"name\":\"Linda Martin\",\"@id\":\"https:\\\/\\\/www.cortado.com\\\/de\\\/#\\\/schema\\\/person\\\/bce793b04e167f7733aca5d56885d31e\"},\"headline\":\"Cortado gewinnt den Enterprise Mobility Award in Platin\",\"datePublished\":\"2018-10-30T14:00:56+00:00\",\"dateModified\":\"2023-12-12T14:29:13+00:00\",\"mainEntityOfPage\":{\"@id\":\"https:\\\/\\\/www.cortado.com\\\/de\\\/news\\\/cortado-gewinnt-enterprise-mobility-award\\\/\"},\"wordCount\":155,\"image\":{\"@id\":\"https:\\\/\\\/www.cortado.com\\\/de\\\/news\\\/cortado-gewinnt-enterprise-mobility-award\\\/#primaryimage\"},\"thumbnailUrl\":\"https:\\\/\\\/www.cortado.com\\\/wp-content\\\/uploads\\\/Enterprise-Mobility-Award-Verleihung-1.jpg\",\"articleSection\":[\"Alle News &amp; Updates\"],\"inLanguage\":\"de-DE\"},{\"@type\":\"WebPage\",\"@id\":\"https:\\\/\\\/www.cortado.com\\\/de\\\/news\\\/cortado-gewinnt-enterprise-mobility-award\\\/\",\"url\":\"https:\\\/\\\/www.cortado.com\\\/de\\\/news\\\/cortado-gewinnt-enterprise-mobility-award\\\/\",\"name\":\"Cortado gewinnt Enterprise Mobility Award 2018\",\"isPartOf\":{\"@id\":\"https:\\\/\\\/www.cortado.com\\\/de\\\/#website\"},\"primaryImageOfPage\":{\"@id\":\"https:\\\/\\\/www.cortado.com\\\/de\\\/news\\\/cortado-gewinnt-enterprise-mobility-award\\\/#primaryimage\"},\"image\":{\"@id\":\"https:\\\/\\\/www.cortado.com\\\/de\\\/news\\\/cortado-gewinnt-enterprise-mobility-award\\\/#primaryimage\"},\"thumbnailUrl\":\"https:\\\/\\\/www.cortado.com\\\/wp-content\\\/uploads\\\/Enterprise-Mobility-Award-Verleihung-1.jpg\",\"datePublished\":\"2018-10-30T14:00:56+00:00\",\"dateModified\":\"2023-12-12T14:29:13+00:00\",\"author\":{\"@id\":\"https:\\\/\\\/www.cortado.com\\\/de\\\/#\\\/schema\\\/person\\\/bce793b04e167f7733aca5d56885d31e\"},\"description\":\"Auf dem Enterprise Mobility Summit wurde Cortado f\u00fcr ein Kundenprojekt mit dem Enterprise Mobility Award in Platin ausgezeichnet.\",\"breadcrumb\":{\"@id\":\"https:\\\/\\\/www.cortado.com\\\/de\\\/news\\\/cortado-gewinnt-enterprise-mobility-award\\\/#breadcrumb\"},\"inLanguage\":\"de-DE\",\"potentialAction\":[{\"@type\":\"ReadAction\",\"target\":[\"https:\\\/\\\/www.cortado.com\\\/de\\\/news\\\/cortado-gewinnt-enterprise-mobility-award\\\/\"]}]},{\"@type\":\"ImageObject\",\"inLanguage\":\"de-DE\",\"@id\":\"https:\\\/\\\/www.cortado.com\\\/de\\\/news\\\/cortado-gewinnt-enterprise-mobility-award\\\/#primaryimage\",\"url\":\"https:\\\/\\\/www.cortado.com\\\/wp-content\\\/uploads\\\/Enterprise-Mobility-Award-Verleihung-1.jpg\",\"contentUrl\":\"https:\\\/\\\/www.cortado.com\\\/wp-content\\\/uploads\\\/Enterprise-Mobility-Award-Verleihung-1.jpg\",\"width\":800,\"height\":600,\"caption\":\"Sven Huschke und Anton Tippe nehmen den Enterprise Mobility Award f\u00fcr Cortado entgegen\"},{\"@type\":\"BreadcrumbList\",\"@id\":\"https:\\\/\\\/www.cortado.com\\\/de\\\/news\\\/cortado-gewinnt-enterprise-mobility-award\\\/#breadcrumb\",\"itemListElement\":[{\"@type\":\"ListItem\",\"position\":1,\"name\":\"Home\",\"item\":\"https:\\\/\\\/www.cortado.com\\\/de\\\/\"},{\"@type\":\"ListItem\",\"position\":2,\"name\":\"Cortado gewinnt den Enterprise Mobility Award in Platin\"}]},{\"@type\":\"WebSite\",\"@id\":\"https:\\\/\\\/www.cortado.com\\\/de\\\/#website\",\"url\":\"https:\\\/\\\/www.cortado.com\\\/de\\\/\",\"name\":\"Cortado\",\"description\":\"\",\"potentialAction\":[{\"@type\":\"SearchAction\",\"target\":{\"@type\":\"EntryPoint\",\"urlTemplate\":\"https:\\\/\\\/www.cortado.com\\\/de\\\/?s={search_term_string}\"},\"query-input\":{\"@type\":\"PropertyValueSpecification\",\"valueRequired\":true,\"valueName\":\"search_term_string\"}}],\"inLanguage\":\"de-DE\"},{\"@type\":\"Person\",\"@id\":\"https:\\\/\\\/www.cortado.com\\\/de\\\/#\\\/schema\\\/person\\\/bce793b04e167f7733aca5d56885d31e\",\"name\":\"Linda Martin\",\"image\":{\"@type\":\"ImageObject\",\"inLanguage\":\"de-DE\",\"@id\":\"https:\\\/\\\/secure.gravatar.com\\\/avatar\\\/b8b2cbec0363e39d61f72f0834b3344454e2c95f7963061bcea8034f638c1247?s=96&d=mm&r=g\",\"url\":\"https:\\\/\\\/secure.gravatar.com\\\/avatar\\\/b8b2cbec0363e39d61f72f0834b3344454e2c95f7963061bcea8034f638c1247?s=96&d=mm&r=g\",\"contentUrl\":\"https:\\\/\\\/secure.gravatar.com\\\/avatar\\\/b8b2cbec0363e39d61f72f0834b3344454e2c95f7963061bcea8034f638c1247?s=96&d=mm&r=g\",\"caption\":\"Linda Martin\"}}]}<\/script>\n<!-- \/ Yoast SEO Premium plugin. -->","yoast_head_json":{"title":"Cortado gewinnt Enterprise Mobility Award 2018","description":"Auf dem Enterprise Mobility Summit wurde Cortado f\u00fcr ein Kundenprojekt mit dem Enterprise Mobility Award in Platin ausgezeichnet.","robots":{"index":"index","follow":"follow","max-snippet":"max-snippet:-1","max-image-preview":"max-image-preview:large","max-video-preview":"max-video-preview:-1"},"canonical":"https:\/\/www.cortado.com\/de\/news\/cortado-gewinnt-enterprise-mobility-award\/","og_locale":"de_DE","og_type":"article","og_title":"Cortado gewinnt den Enterprise Mobility Award in Platin","og_description":"Auf dem Enterprise Mobility Summit wurde Cortado f\u00fcr ein Kundenprojekt mit dem Enterprise Mobility Award in Platin ausgezeichnet.","og_url":"https:\/\/www.cortado.com\/de\/news\/cortado-gewinnt-enterprise-mobility-award\/","og_site_name":"Cortado","article_publisher":"https:\/\/www.facebook.com\/CortadoMobileSolutions\/","article_published_time":"2018-10-30T14:00:56+00:00","article_modified_time":"2023-12-12T14:29:13+00:00","og_image":[{"width":800,"height":600,"url":"https:\/\/www.cortado.com\/wp-content\/uploads\/Enterprise-Mobility-Award-Verleihung-1.jpg","type":"image\/jpeg"}],"author":"Linda Martin","twitter_card":"summary_large_image","twitter_creator":"@cortado_com","twitter_site":"@cortado_com","twitter_misc":{"Verfasst von":"Linda Martin","Gesch\u00e4tzte Lesezeit":"1 Minute"},"schema":{"@context":"https:\/\/schema.org","@graph":[{"@type":"Article","@id":"https:\/\/www.cortado.com\/de\/news\/cortado-gewinnt-enterprise-mobility-award\/#article","isPartOf":{"@id":"https:\/\/www.cortado.com\/de\/news\/cortado-gewinnt-enterprise-mobility-award\/"},"author":{"name":"Linda Martin","@id":"https:\/\/www.cortado.com\/de\/#\/schema\/person\/bce793b04e167f7733aca5d56885d31e"},"headline":"Cortado gewinnt den Enterprise Mobility Award in Platin","datePublished":"2018-10-30T14:00:56+00:00","dateModified":"2023-12-12T14:29:13+00:00","mainEntityOfPage":{"@id":"https:\/\/www.cortado.com\/de\/news\/cortado-gewinnt-enterprise-mobility-award\/"},"wordCount":155,"image":{"@id":"https:\/\/www.cortado.com\/de\/news\/cortado-gewinnt-enterprise-mobility-award\/#primaryimage"},"thumbnailUrl":"https:\/\/www.cortado.com\/wp-content\/uploads\/Enterprise-Mobility-Award-Verleihung-1.jpg","articleSection":["Alle News &amp; Updates"],"inLanguage":"de-DE"},{"@type":"WebPage","@id":"https:\/\/www.cortado.com\/de\/news\/cortado-gewinnt-enterprise-mobility-award\/","url":"https:\/\/www.cortado.com\/de\/news\/cortado-gewinnt-enterprise-mobility-award\/","name":"Cortado gewinnt Enterprise Mobility Award 2018","isPartOf":{"@id":"https:\/\/www.cortado.com\/de\/#website"},"primaryImageOfPage":{"@id":"https:\/\/www.cortado.com\/de\/news\/cortado-gewinnt-enterprise-mobility-award\/#primaryimage"},"image":{"@id":"https:\/\/www.cortado.com\/de\/news\/cortado-gewinnt-enterprise-mobility-award\/#primaryimage"},"thumbnailUrl":"https:\/\/www.cortado.com\/wp-content\/uploads\/Enterprise-Mobility-Award-Verleihung-1.jpg","datePublished":"2018-10-30T14:00:56+00:00","dateModified":"2023-12-12T14:29:13+00:00","author":{"@id":"https:\/\/www.cortado.com\/de\/#\/schema\/person\/bce793b04e167f7733aca5d56885d31e"},"description":"Auf dem Enterprise Mobility Summit wurde Cortado f\u00fcr ein Kundenprojekt mit dem Enterprise Mobility Award in Platin ausgezeichnet.","breadcrumb":{"@id":"https:\/\/www.cortado.com\/de\/news\/cortado-gewinnt-enterprise-mobility-award\/#breadcrumb"},"inLanguage":"de-DE","potentialAction":[{"@type":"ReadAction","target":["https:\/\/www.cortado.com\/de\/news\/cortado-gewinnt-enterprise-mobility-award\/"]}]},{"@type":"ImageObject","inLanguage":"de-DE","@id":"https:\/\/www.cortado.com\/de\/news\/cortado-gewinnt-enterprise-mobility-award\/#primaryimage","url":"https:\/\/www.cortado.com\/wp-content\/uploads\/Enterprise-Mobility-Award-Verleihung-1.jpg","contentUrl":"https:\/\/www.cortado.com\/wp-content\/uploads\/Enterprise-Mobility-Award-Verleihung-1.jpg","width":800,"height":600,"caption":"Sven Huschke und Anton Tippe nehmen den Enterprise Mobility Award f\u00fcr Cortado entgegen"},{"@type":"BreadcrumbList","@id":"https:\/\/www.cortado.com\/de\/news\/cortado-gewinnt-enterprise-mobility-award\/#breadcrumb","itemListElement":[{"@type":"ListItem","position":1,"name":"Home","item":"https:\/\/www.cortado.com\/de\/"},{"@type":"ListItem","position":2,"name":"Cortado gewinnt den Enterprise Mobility Award in Platin"}]},{"@type":"WebSite","@id":"https:\/\/www.cortado.com\/de\/#website","url":"https:\/\/www.cortado.com\/de\/","name":"Cortado","description":"","potentialAction":[{"@type":"SearchAction","target":{"@type":"EntryPoint","urlTemplate":"https:\/\/www.cortado.com\/de\/?s={search_term_string}"},"query-input":{"@type":"PropertyValueSpecification","valueRequired":true,"valueName":"search_term_string"}}],"inLanguage":"de-DE"},{"@type":"Person","@id":"https:\/\/www.cortado.com\/de\/#\/schema\/person\/bce793b04e167f7733aca5d56885d31e","name":"Linda Martin","image":{"@type":"ImageObject","inLanguage":"de-DE","@id":"https:\/\/secure.gravatar.com\/avatar\/b8b2cbec0363e39d61f72f0834b3344454e2c95f7963061bcea8034f638c1247?s=96&d=mm&r=g","url":"https:\/\/secure.gravatar.com\/avatar\/b8b2cbec0363e39d61f72f0834b3344454e2c95f7963061bcea8034f638c1247?s=96&d=mm&r=g","contentUrl":"https:\/\/secure.gravatar.com\/avatar\/b8b2cbec0363e39d61f72f0834b3344454e2c95f7963061bcea8034f638c1247?s=96&d=mm&r=g","caption":"Linda Martin"}}]}},"author_meta":{"display_name":"Linda Martin","author_link":"https:\/\/www.cortado.com\/de\/author\/dani\/"},"featured_img":"https:\/\/www.cortado.com\/wp-content\/uploads\/Enterprise-Mobility-Award-Verleihung-1-300x225.jpg","coauthors":[],"tax_additional":{"categories":{"linked":["<a href=\"https:\/\/www.cortado.com\/de\/kategorie\/news\/\" class=\"advgb-post-tax-term\">Alle News &amp; Updates<\/a>"],"unlinked":["<span class=\"advgb-post-tax-term\">Alle News &amp; Updates<\/span>"]}},"comment_count":"0","relative_dates":{"created":"Ver\u00f6ffentlicht 7 Jahren vor","modified":"Aktualisiert 2 Jahren vor"},"absolute_dates":{"created":"Ver\u00f6ffentlicht am Oktober 30, 2018","modified":"Aktualisiert am Dezember 12, 2023"},"absolute_dates_time":{"created":"Ver\u00f6ffentlicht am Oktober 30, 2018 2:00 pm","modified":"Aktualisiert am Dezember 12, 2023 2:29 pm"},"featured_img_caption":"","series_order":"","_links":{"self":[{"href":"https:\/\/www.cortado.com\/de\/wp-json\/wp\/v2\/posts\/1560","targetHints":{"allow":["GET"]}}],"collection":[{"href":"https:\/\/www.cortado.com\/de\/wp-json\/wp\/v2\/posts"}],"about":[{"href":"https:\/\/www.cortado.com\/de\/wp-json\/wp\/v2\/types\/post"}],"author":[{"embeddable":true,"href":"https:\/\/www.cortado.com\/de\/wp-json\/wp\/v2\/users\/9"}],"replies":[{"embeddable":true,"href":"https:\/\/www.cortado.com\/de\/wp-json\/wp\/v2\/comments?post=1560"}],"version-history":[{"count":0,"href":"https:\/\/www.cortado.com\/de\/wp-json\/wp\/v2\/posts\/1560\/revisions"}],"wp:featuredmedia":[{"embeddable":true,"href":"https:\/\/www.cortado.com\/de\/wp-json\/wp\/v2\/media\/10237"}],"wp:attachment":[{"href":"https:\/\/www.cortado.com\/de\/wp-json\/wp\/v2\/media?parent=1560"}],"wp:term":[{"taxonomy":"category","embeddable":true,"href":"https:\/\/www.cortado.com\/de\/wp-json\/wp\/v2\/categories?post=1560"},{"taxonomy":"post_tag","embeddable":true,"href":"https:\/\/www.cortado.com\/de\/wp-json\/wp\/v2\/tags?post=1560"}],"curies":[{"name":"wp","href":"https:\/\/api.w.org\/{rel}","templated":true}]}}