{"id":17732,"date":"2026-09-01T09:49:21","date_gmt":"2026-09-01T09:49:21","guid":{"rendered":"https:\/\/www.cortado.com\/?p=17732"},"modified":"2026-09-02T09:26:10","modified_gmt":"2026-09-02T09:26:10","slug":"cortado-mobile-solutions-auf-der-it-sa-2026-gemeinsam-fuer-den-sicheren-mobilen-arbeitsplatz-mit-vier-starken-partnern","status":"publish","type":"post","link":"https:\/\/www.cortado.com\/de\/unternehmensnews\/cortado-mobile-solutions-auf-der-it-sa-2026-gemeinsam-fuer-den-sicheren-mobilen-arbeitsplatz-mit-vier-starken-partnern\/","title":{"rendered":"Cortado Mobile Solutions auf der it-sa 2026: Gemeinsam f\u00fcr den sicheren mobilen Arbeitsplatz \u2013 mit vier starken Partnern"},"content":{"rendered":"\n<p><strong>N\u00fcrnberg, 27. \u2013 29. Oktober 2026<\/strong><\/p>\n\n\n\n<p>Die <a href=\"https:\/\/www.itsa365.de\/de-de\/it-sa-expo-congress\" target=\"_blank\" rel=\"noreferrer noopener\">it-sa Expo&amp;Congress<\/a> z\u00e4hlt zu den wichtigsten Terminen im IT-Security-Kalender \u2013 und Cortado Mobile Solutions ist auch 2026 wieder mit dabei. Vom 27. bis 29. Oktober erwartet Besucher.innen in&nbsp;<strong>Halle 7, Stand 7-214<\/strong>&nbsp;ein neuer Standort gegen\u00fcber dem Vorjahr und ein erweitertes Partner-Line-up, das die Themen Mobile Security, KI, IT-Infrastruktur und physischer Ger\u00e4teschutz miteinander verbindet.<\/p>\n\n\n\n<h2 class=\"wp-block-heading\" id=\"h-sicher-mobil-gemeinsam-gedacht\"><strong>Sicher mobil \u2013 gemeinsam gedacht<\/strong><\/h2>\n\n\n\n<p>Sicheres mobiles Arbeiten betrifft heute weit mehr als nur Ger\u00e4te und Software. Ger\u00e4te m\u00fcssen sicher bereitgestellt und verwaltet, Unternehmensdaten gesch\u00fctzt, mobile Infrastrukturen zuverl\u00e4ssig betrieben und neue Anwendungen wie KI kontrolliert in den Arbeitsalltag integriert werden.<\/p>\n\n\n\n<p>Genau hier setzt unser diesj\u00e4hriger Messeauftritt an. Gemeinsam mit unseren Partnern erweitern wir den Blick auf den gesamten Mobile Workplace:<\/p>\n\n\n\n<p><strong><a href=\"https:\/\/aiverti.ai\/de\" target=\"_blank\" rel=\"noreferrer noopener\">Aiverti<\/a><\/strong>, die DSGVO-konforme KI-Plattform f\u00fcr Unternehmen, zeigt, wie sich k\u00fcnstliche Intelligenz sicher, kontrolliert und datenschutzkonform im Arbeitsalltag der Mitarbeitenden verankern l\u00e4sst.<\/p>\n\n\n\n<p><strong><a href=\"https:\/\/www.conbato.de\/\" target=\"_blank\" rel=\"noreferrer noopener\">Conbat<\/a><a href=\"https:\/\/www.conbato.de\/\">o<\/a><\/strong>&nbsp;bringt Know-how zu Business-Mobilfunk, mobilen Endger\u00e4ten und Device Lifecycle Management mit ein und erg\u00e4nzt so das Thema Mobile Workplace um eine wichtige Facette.<\/p>\n\n\n\n<p><a href=\"https:\/\/panzerglass.de\/\" target=\"_blank\" rel=\"noreferrer noopener\"><strong>PanzerGlass<\/strong>&nbsp;<\/a>deckt die physische Sicherheitsebene ab \u2013 von robustem Ger\u00e4teschutz bis zum Blickschutz f\u00fcr sensible Displayinhalte.<\/p>\n\n\n\n<p><strong><a href=\"https:\/\/www.scv.de\/\" target=\"_blank\" rel=\"noreferrer noopener\">SCV<\/a><\/strong>&nbsp;steuert seine langj\u00e4hrige Erfahrung als IT-Systemhaus bei und rundet die gemeinsame Perspektive mit Infrastruktur- und Security-Expertise ab.<\/p>\n\n\n\n<p>Mobiles Arbeiten braucht heute mehr als klassisches Device Management. Gemeinsam mit Aiverti, Conbato, PanzerGlass und SCV zeigen wir auf der it-sa, wie Unternehmen mobile Arbeitspl\u00e4tze ganzheitlich absichern k\u00f6nnen: von Ger\u00e4ten und Unternehmensdaten \u00fcber Mobilfunk und IT-Infrastruktur bis hin zu physischem Ger\u00e4teschutz und einer kontrollierten, datenschutzkonformen Nutzung von KI. Unser gemeinsames Ziel ist es, Sicherheit, Compliance und Produktivit\u00e4t so zusammenzubringen, dass Unternehmen mobiles Arbeiten zuverl\u00e4ssig und zukunftssicher gestalten k\u00f6nnen.\u201c <br><em>Michael R\u00f6diger, Gesch\u00e4ftsf\u00fchrer der Cortado Mobile Solutions<\/em><\/p>\n\n\n\n<p><\/p>\n\n\n\n<h2 class=\"wp-block-heading\" id=\"h-was-sie-am-stand-erwartet\">Was Sie am Stand erwartet<\/h2>\n\n\n\n<p>Ein Besuch bei uns lohnt sich in mehrfacher Hinsicht:<\/p>\n\n\n\n<ul class=\"wp-block-list\">\n<li>T\u00e4gliche Verlosung eines attraktiven Preises \u2013 was genau, verraten wir noch nicht<\/li>\n\n\n\n<li>Individuelle Gespr\u00e4che mit unseren Expert.innen zu Ihren konkreten Fragestellungen<\/li>\n\n\n\n<li>Live-Demos von Cortado MDMund den L\u00f6sungen unserer Partner<\/li>\n<\/ul>\n\n\n\n<p>Vereinbaren Sie gerne im Vorfeld einen <a href=\"https:\/\/www.cortado.com\/de\/kontakt\/\">pers\u00f6nlichen Gespr\u00e4chstermin<\/a> mit uns.<\/p>\n\n\n\n<p><\/p>\n\n\n\n<p>Noch kein Ticket ? <a href=\"https:\/\/www.cortado.com\/de\/kontakt\/\">Schreiben Sie uns!<\/a><\/p>\n\n\n\n<p><\/p>\n\n\n\n<h2 class=\"wp-block-heading\" id=\"h-impressionen-von-vorangegangenen-it-sa-messeauftritten\"><strong>Impressionen von vorangegangenen it-sa Messeauftritten<\/strong><\/h2>\n\n\n\n<figure class=\"wp-block-gallery has-nested-images columns-default is-cropped wp-block-gallery-1 is-layout-flex wp-block-gallery-is-layout-flex\">\n<figure class=\"wp-block-image size-large\"><img loading=\"lazy\" decoding=\"async\" width=\"1024\" height=\"1024\" data-id=\"17737\" src=\"https:\/\/www.cortado.com\/wp-content\/uploads\/1760009081780-1-1024x1024.jpg\" alt=\"\" class=\"wp-image-17737\" srcset=\"https:\/\/www.cortado.com\/wp-content\/uploads\/1760009081780-1-1024x1024.jpg 1024w, https:\/\/www.cortado.com\/wp-content\/uploads\/1760009081780-1-300x300.jpg 300w, https:\/\/www.cortado.com\/wp-content\/uploads\/1760009081780-1-150x150.jpg 150w, https:\/\/www.cortado.com\/wp-content\/uploads\/1760009081780-1-768x768.jpg 768w, https:\/\/www.cortado.com\/wp-content\/uploads\/1760009081780-1.jpg 1536w\" sizes=\"auto, (max-width: 1024px) 100vw, 1024px\" \/><\/figure>\n\n\n\n<figure class=\"wp-block-image size-large\"><img loading=\"lazy\" decoding=\"async\" width=\"1024\" height=\"768\" data-id=\"17739\" src=\"https:\/\/www.cortado.com\/wp-content\/uploads\/1760009082676-1-1024x768.jpg\" alt=\"\" class=\"wp-image-17739\" srcset=\"https:\/\/www.cortado.com\/wp-content\/uploads\/1760009082676-1-1024x768.jpg 1024w, https:\/\/www.cortado.com\/wp-content\/uploads\/1760009082676-1-300x225.jpg 300w, https:\/\/www.cortado.com\/wp-content\/uploads\/1760009082676-1-768x576.jpg 768w, https:\/\/www.cortado.com\/wp-content\/uploads\/1760009082676-1-1536x1152.jpg 1536w, https:\/\/www.cortado.com\/wp-content\/uploads\/1760009082676-1.jpg 2048w\" sizes=\"auto, (max-width: 1024px) 100vw, 1024px\" \/><\/figure>\n\n\n\n<figure class=\"wp-block-image size-large\"><img loading=\"lazy\" decoding=\"async\" width=\"1024\" height=\"768\" data-id=\"17741\" src=\"https:\/\/www.cortado.com\/wp-content\/uploads\/Image-55-2-1024x768.jpg\" alt=\"\" class=\"wp-image-17741\" srcset=\"https:\/\/www.cortado.com\/wp-content\/uploads\/Image-55-2-1024x768.jpg 1024w, https:\/\/www.cortado.com\/wp-content\/uploads\/Image-55-2-300x225.jpg 300w, https:\/\/www.cortado.com\/wp-content\/uploads\/Image-55-2-768x576.jpg 768w, https:\/\/www.cortado.com\/wp-content\/uploads\/Image-55-2-1536x1152.jpg 1536w, https:\/\/www.cortado.com\/wp-content\/uploads\/Image-55-2-2048x1536.jpg 2048w\" sizes=\"auto, (max-width: 1024px) 100vw, 1024px\" \/><\/figure>\n<\/figure>\n\n\n\n<figure class=\"wp-block-gallery has-nested-images columns-default is-cropped wp-block-gallery-2 is-layout-flex wp-block-gallery-is-layout-flex\">\n<figure class=\"wp-block-image size-large\"><img loading=\"lazy\" decoding=\"async\" width=\"768\" height=\"576\" data-id=\"17746\" src=\"https:\/\/www.cortado.com\/wp-content\/uploads\/3-1-768x576-1.jpg\" alt=\"\" class=\"wp-image-17746\" srcset=\"https:\/\/www.cortado.com\/wp-content\/uploads\/3-1-768x576-1.jpg 768w, https:\/\/www.cortado.com\/wp-content\/uploads\/3-1-768x576-1-300x225.jpg 300w\" sizes=\"auto, (max-width: 768px) 100vw, 768px\" \/><\/figure>\n\n\n\n<figure class=\"wp-block-image size-large\"><img loading=\"lazy\" decoding=\"async\" width=\"670\" height=\"894\" data-id=\"17745\" src=\"https:\/\/www.cortado.com\/wp-content\/uploads\/KS2t9Y3MQwKnfaxVvxLzVQ-1.jpg\" alt=\"\" class=\"wp-image-17745\" srcset=\"https:\/\/www.cortado.com\/wp-content\/uploads\/KS2t9Y3MQwKnfaxVvxLzVQ-1.jpg 670w, https:\/\/www.cortado.com\/wp-content\/uploads\/KS2t9Y3MQwKnfaxVvxLzVQ-1-225x300.jpg 225w\" sizes=\"auto, (max-width: 670px) 100vw, 670px\" \/><\/figure>\n<\/figure>\n","protected":false},"excerpt":{"rendered":"<p>Die it-sa Expo&#038;Congress z\u00e4hlt zu den wichtigsten Terminen im IT-Security-Kalender \u2013 und Cortado Mobile Solutions ist auch 2026 wieder mit dabei. Vom 27. bis 29. Oktober erwartet Besucher.innen in\u00a0Halle 7, Stand 7-214\u00a0ein neuer Standort gegen\u00fcber dem Vorjahr und ein erweitertes Partner-Line-up, das die Themen Mobile Security, KI, IT-Infrastruktur und physischer Ger\u00e4teschutz miteinander verbindet.<\/p>\n","protected":false},"author":8,"featured_media":17762,"comment_status":"closed","ping_status":"open","sticky":false,"template":"","format":"standard","meta":{"_acf_changed":false,"inline_featured_image":false,"advgb_blocks_editor_width":"","advgb_blocks_columns_visual_guide":"","footnotes":""},"categories":[10969],"tags":[],"class_list":["post-17732","post","type-post","status-publish","format-standard","has-post-thumbnail","hentry","category-unternehmensnews"],"acf":[],"yoast_head":"<!-- This site is optimized with the Yoast SEO Premium plugin v21.9 (Yoast SEO v27.3) - https:\/\/yoast.com\/product\/yoast-seo-premium-wordpress\/ -->\n<title>Cortado Mobile Solutions auf der it-sa 2026: Gemeinsam f\u00fcr den sicheren mobilen Arbeitsplatz \u2013 mit vier starken Partnern<\/title>\n<meta name=\"description\" content=\"Vom 27.-29.10.2026 ist Cortado Mobile Solutions in\u00a0Halle 7, 7-214\u00a0auf der it-sa in N\u00fcrnberg vertreten mit erweitertem Partner-Line-up zu Mobile Security, KI, IT-Infrastruktur und physischem Ger\u00e4teschutz.\" \/>\n<meta name=\"robots\" content=\"index, follow, max-snippet:-1, max-image-preview:large, max-video-preview:-1\" \/>\n<link rel=\"canonical\" href=\"https:\/\/www.cortado.com\/de\/unternehmensnews\/cortado-mobile-solutions-auf-der-it-sa-2026-gemeinsam-fuer-den-sicheren-mobilen-arbeitsplatz-mit-vier-starken-partnern\/\" \/>\n<meta property=\"og:locale\" content=\"de_DE\" \/>\n<meta property=\"og:type\" content=\"article\" \/>\n<meta property=\"og:title\" content=\"Cortado Mobile Solutions auf der it-sa 2026: Gemeinsam f\u00fcr den sicheren mobilen Arbeitsplatz \u2013 mit vier starken Partnern\" \/>\n<meta property=\"og:description\" content=\"Vom 27.-29.10.2026 ist Cortado Mobile Solutions in\u00a0Halle 7, 7-214\u00a0auf der it-sa in N\u00fcrnberg vertreten mit erweitertem Partner-Line-up zu Mobile Security, KI, IT-Infrastruktur und physischem Ger\u00e4teschutz.\" \/>\n<meta property=\"og:url\" content=\"https:\/\/www.cortado.com\/de\/unternehmensnews\/cortado-mobile-solutions-auf-der-it-sa-2026-gemeinsam-fuer-den-sicheren-mobilen-arbeitsplatz-mit-vier-starken-partnern\/\" \/>\n<meta property=\"og:site_name\" content=\"Cortado\" \/>\n<meta property=\"article:publisher\" content=\"https:\/\/www.facebook.com\/CortadoMobileSolutions\/\" \/>\n<meta property=\"article:published_time\" content=\"2026-09-01T09:49:21+00:00\" \/>\n<meta property=\"article:modified_time\" content=\"2026-09-02T09:26:10+00:00\" \/>\n<meta property=\"og:image\" content=\"https:\/\/www.cortado.com\/wp-content\/uploads\/itsa-2026-cortado-de-1080x1080-1-1.png\" \/>\n\t<meta property=\"og:image:width\" content=\"1080\" \/>\n\t<meta property=\"og:image:height\" content=\"1080\" \/>\n\t<meta property=\"og:image:type\" content=\"image\/png\" \/>\n<meta name=\"author\" content=\"Simone Fulton\" \/>\n<meta name=\"twitter:card\" content=\"summary_large_image\" \/>\n<meta name=\"twitter:creator\" content=\"@cortado_com\" \/>\n<meta name=\"twitter:site\" content=\"@cortado_com\" \/>\n<meta name=\"twitter:label1\" content=\"Verfasst von\" \/>\n\t<meta name=\"twitter:data1\" content=\"Simone Fulton\" \/>\n\t<meta name=\"twitter:label2\" content=\"Gesch\u00e4tzte Lesezeit\" \/>\n\t<meta name=\"twitter:data2\" content=\"3 Minuten\" \/>\n<script type=\"application\/ld+json\" class=\"yoast-schema-graph\">{\"@context\":\"https:\\\/\\\/schema.org\",\"@graph\":[{\"@type\":\"Article\",\"@id\":\"https:\\\/\\\/www.cortado.com\\\/de\\\/unternehmensnews\\\/cortado-mobile-solutions-auf-der-it-sa-2026-gemeinsam-fuer-den-sicheren-mobilen-arbeitsplatz-mit-vier-starken-partnern\\\/#article\",\"isPartOf\":{\"@id\":\"https:\\\/\\\/www.cortado.com\\\/de\\\/unternehmensnews\\\/cortado-mobile-solutions-auf-der-it-sa-2026-gemeinsam-fuer-den-sicheren-mobilen-arbeitsplatz-mit-vier-starken-partnern\\\/\"},\"author\":{\"name\":\"Simone Fulton\",\"@id\":\"https:\\\/\\\/www.cortado.com\\\/de\\\/#\\\/schema\\\/person\\\/a208d5b9f4830dc26b3fc3b59dd909ea\"},\"headline\":\"Cortado Mobile Solutions auf der it-sa 2026: Gemeinsam f\u00fcr den sicheren mobilen Arbeitsplatz \u2013 mit vier starken Partnern\",\"datePublished\":\"2026-09-01T09:49:21+00:00\",\"dateModified\":\"2026-09-02T09:26:10+00:00\",\"mainEntityOfPage\":{\"@id\":\"https:\\\/\\\/www.cortado.com\\\/de\\\/unternehmensnews\\\/cortado-mobile-solutions-auf-der-it-sa-2026-gemeinsam-fuer-den-sicheren-mobilen-arbeitsplatz-mit-vier-starken-partnern\\\/\"},\"wordCount\":387,\"image\":{\"@id\":\"https:\\\/\\\/www.cortado.com\\\/de\\\/unternehmensnews\\\/cortado-mobile-solutions-auf-der-it-sa-2026-gemeinsam-fuer-den-sicheren-mobilen-arbeitsplatz-mit-vier-starken-partnern\\\/#primaryimage\"},\"thumbnailUrl\":\"https:\\\/\\\/www.cortado.com\\\/wp-content\\\/uploads\\\/itsa-2026-cortado-de-1080x1080-1-1.png\",\"articleSection\":[\"Unternehmens-News\"],\"inLanguage\":\"de-DE\"},{\"@type\":\"WebPage\",\"@id\":\"https:\\\/\\\/www.cortado.com\\\/de\\\/unternehmensnews\\\/cortado-mobile-solutions-auf-der-it-sa-2026-gemeinsam-fuer-den-sicheren-mobilen-arbeitsplatz-mit-vier-starken-partnern\\\/\",\"url\":\"https:\\\/\\\/www.cortado.com\\\/de\\\/unternehmensnews\\\/cortado-mobile-solutions-auf-der-it-sa-2026-gemeinsam-fuer-den-sicheren-mobilen-arbeitsplatz-mit-vier-starken-partnern\\\/\",\"name\":\"Cortado Mobile Solutions auf der it-sa 2026: Gemeinsam f\u00fcr den sicheren mobilen Arbeitsplatz \u2013 mit vier starken Partnern\",\"isPartOf\":{\"@id\":\"https:\\\/\\\/www.cortado.com\\\/de\\\/#website\"},\"primaryImageOfPage\":{\"@id\":\"https:\\\/\\\/www.cortado.com\\\/de\\\/unternehmensnews\\\/cortado-mobile-solutions-auf-der-it-sa-2026-gemeinsam-fuer-den-sicheren-mobilen-arbeitsplatz-mit-vier-starken-partnern\\\/#primaryimage\"},\"image\":{\"@id\":\"https:\\\/\\\/www.cortado.com\\\/de\\\/unternehmensnews\\\/cortado-mobile-solutions-auf-der-it-sa-2026-gemeinsam-fuer-den-sicheren-mobilen-arbeitsplatz-mit-vier-starken-partnern\\\/#primaryimage\"},\"thumbnailUrl\":\"https:\\\/\\\/www.cortado.com\\\/wp-content\\\/uploads\\\/itsa-2026-cortado-de-1080x1080-1-1.png\",\"datePublished\":\"2026-09-01T09:49:21+00:00\",\"dateModified\":\"2026-09-02T09:26:10+00:00\",\"author\":{\"@id\":\"https:\\\/\\\/www.cortado.com\\\/de\\\/#\\\/schema\\\/person\\\/a208d5b9f4830dc26b3fc3b59dd909ea\"},\"description\":\"Vom 27.-29.10.2026 ist Cortado Mobile Solutions in\u00a0Halle 7, 7-214\u00a0auf der it-sa in N\u00fcrnberg vertreten mit erweitertem Partner-Line-up zu Mobile Security, KI, IT-Infrastruktur und physischem Ger\u00e4teschutz.\",\"breadcrumb\":{\"@id\":\"https:\\\/\\\/www.cortado.com\\\/de\\\/unternehmensnews\\\/cortado-mobile-solutions-auf-der-it-sa-2026-gemeinsam-fuer-den-sicheren-mobilen-arbeitsplatz-mit-vier-starken-partnern\\\/#breadcrumb\"},\"inLanguage\":\"de-DE\",\"potentialAction\":[{\"@type\":\"ReadAction\",\"target\":[\"https:\\\/\\\/www.cortado.com\\\/de\\\/unternehmensnews\\\/cortado-mobile-solutions-auf-der-it-sa-2026-gemeinsam-fuer-den-sicheren-mobilen-arbeitsplatz-mit-vier-starken-partnern\\\/\"]}]},{\"@type\":\"ImageObject\",\"inLanguage\":\"de-DE\",\"@id\":\"https:\\\/\\\/www.cortado.com\\\/de\\\/unternehmensnews\\\/cortado-mobile-solutions-auf-der-it-sa-2026-gemeinsam-fuer-den-sicheren-mobilen-arbeitsplatz-mit-vier-starken-partnern\\\/#primaryimage\",\"url\":\"https:\\\/\\\/www.cortado.com\\\/wp-content\\\/uploads\\\/itsa-2026-cortado-de-1080x1080-1-1.png\",\"contentUrl\":\"https:\\\/\\\/www.cortado.com\\\/wp-content\\\/uploads\\\/itsa-2026-cortado-de-1080x1080-1-1.png\",\"width\":1080,\"height\":1080,\"caption\":\"it-sa dabei\"},{\"@type\":\"BreadcrumbList\",\"@id\":\"https:\\\/\\\/www.cortado.com\\\/de\\\/unternehmensnews\\\/cortado-mobile-solutions-auf-der-it-sa-2026-gemeinsam-fuer-den-sicheren-mobilen-arbeitsplatz-mit-vier-starken-partnern\\\/#breadcrumb\",\"itemListElement\":[{\"@type\":\"ListItem\",\"position\":1,\"name\":\"Home\",\"item\":\"https:\\\/\\\/www.cortado.com\\\/de\\\/startseite\\\/\"},{\"@type\":\"ListItem\",\"position\":2,\"name\":\"Cortado Mobile Solutions auf der it-sa 2026: Gemeinsam f\u00fcr den sicheren mobilen Arbeitsplatz \u2013 mit vier starken Partnern\"}]},{\"@type\":\"WebSite\",\"@id\":\"https:\\\/\\\/www.cortado.com\\\/de\\\/#website\",\"url\":\"https:\\\/\\\/www.cortado.com\\\/de\\\/\",\"name\":\"Cortado\",\"description\":\"\",\"potentialAction\":[{\"@type\":\"SearchAction\",\"target\":{\"@type\":\"EntryPoint\",\"urlTemplate\":\"https:\\\/\\\/www.cortado.com\\\/de\\\/?s={search_term_string}\"},\"query-input\":{\"@type\":\"PropertyValueSpecification\",\"valueRequired\":true,\"valueName\":\"search_term_string\"}}],\"inLanguage\":\"de-DE\"},{\"@type\":\"Person\",\"@id\":\"https:\\\/\\\/www.cortado.com\\\/de\\\/#\\\/schema\\\/person\\\/a208d5b9f4830dc26b3fc3b59dd909ea\",\"name\":\"Simone Fulton\",\"image\":{\"@type\":\"ImageObject\",\"inLanguage\":\"de-DE\",\"@id\":\"https:\\\/\\\/secure.gravatar.com\\\/avatar\\\/40636cdacf48abcbccbdd0b19f88fbab69252a38f765fb1d02b033d491a6f98f?s=96&d=mm&r=g\",\"url\":\"https:\\\/\\\/secure.gravatar.com\\\/avatar\\\/40636cdacf48abcbccbdd0b19f88fbab69252a38f765fb1d02b033d491a6f98f?s=96&d=mm&r=g\",\"contentUrl\":\"https:\\\/\\\/secure.gravatar.com\\\/avatar\\\/40636cdacf48abcbccbdd0b19f88fbab69252a38f765fb1d02b033d491a6f98f?s=96&d=mm&r=g\",\"caption\":\"Simone Fulton\"}}]}<\/script>\n<!-- \/ Yoast SEO Premium plugin. -->","yoast_head_json":{"title":"Cortado Mobile Solutions auf der it-sa 2026: Gemeinsam f\u00fcr den sicheren mobilen Arbeitsplatz \u2013 mit vier starken Partnern","description":"Vom 27.-29.10.2026 ist Cortado Mobile Solutions in\u00a0Halle 7, 7-214\u00a0auf der it-sa in N\u00fcrnberg vertreten mit erweitertem Partner-Line-up zu Mobile Security, KI, IT-Infrastruktur und physischem Ger\u00e4teschutz.","robots":{"index":"index","follow":"follow","max-snippet":"max-snippet:-1","max-image-preview":"max-image-preview:large","max-video-preview":"max-video-preview:-1"},"canonical":"https:\/\/www.cortado.com\/de\/unternehmensnews\/cortado-mobile-solutions-auf-der-it-sa-2026-gemeinsam-fuer-den-sicheren-mobilen-arbeitsplatz-mit-vier-starken-partnern\/","og_locale":"de_DE","og_type":"article","og_title":"Cortado Mobile Solutions auf der it-sa 2026: Gemeinsam f\u00fcr den sicheren mobilen Arbeitsplatz \u2013 mit vier starken Partnern","og_description":"Vom 27.-29.10.2026 ist Cortado Mobile Solutions in\u00a0Halle 7, 7-214\u00a0auf der it-sa in N\u00fcrnberg vertreten mit erweitertem Partner-Line-up zu Mobile Security, KI, IT-Infrastruktur und physischem Ger\u00e4teschutz.","og_url":"https:\/\/www.cortado.com\/de\/unternehmensnews\/cortado-mobile-solutions-auf-der-it-sa-2026-gemeinsam-fuer-den-sicheren-mobilen-arbeitsplatz-mit-vier-starken-partnern\/","og_site_name":"Cortado","article_publisher":"https:\/\/www.facebook.com\/CortadoMobileSolutions\/","article_published_time":"2026-09-01T09:49:21+00:00","article_modified_time":"2026-09-02T09:26:10+00:00","og_image":[{"width":1080,"height":1080,"url":"https:\/\/www.cortado.com\/wp-content\/uploads\/itsa-2026-cortado-de-1080x1080-1-1.png","type":"image\/png"}],"author":"Simone Fulton","twitter_card":"summary_large_image","twitter_creator":"@cortado_com","twitter_site":"@cortado_com","twitter_misc":{"Verfasst von":"Simone Fulton","Gesch\u00e4tzte Lesezeit":"3 Minuten"},"schema":{"@context":"https:\/\/schema.org","@graph":[{"@type":"Article","@id":"https:\/\/www.cortado.com\/de\/unternehmensnews\/cortado-mobile-solutions-auf-der-it-sa-2026-gemeinsam-fuer-den-sicheren-mobilen-arbeitsplatz-mit-vier-starken-partnern\/#article","isPartOf":{"@id":"https:\/\/www.cortado.com\/de\/unternehmensnews\/cortado-mobile-solutions-auf-der-it-sa-2026-gemeinsam-fuer-den-sicheren-mobilen-arbeitsplatz-mit-vier-starken-partnern\/"},"author":{"name":"Simone Fulton","@id":"https:\/\/www.cortado.com\/de\/#\/schema\/person\/a208d5b9f4830dc26b3fc3b59dd909ea"},"headline":"Cortado Mobile Solutions auf der it-sa 2026: Gemeinsam f\u00fcr den sicheren mobilen Arbeitsplatz \u2013 mit vier starken Partnern","datePublished":"2026-09-01T09:49:21+00:00","dateModified":"2026-09-02T09:26:10+00:00","mainEntityOfPage":{"@id":"https:\/\/www.cortado.com\/de\/unternehmensnews\/cortado-mobile-solutions-auf-der-it-sa-2026-gemeinsam-fuer-den-sicheren-mobilen-arbeitsplatz-mit-vier-starken-partnern\/"},"wordCount":387,"image":{"@id":"https:\/\/www.cortado.com\/de\/unternehmensnews\/cortado-mobile-solutions-auf-der-it-sa-2026-gemeinsam-fuer-den-sicheren-mobilen-arbeitsplatz-mit-vier-starken-partnern\/#primaryimage"},"thumbnailUrl":"https:\/\/www.cortado.com\/wp-content\/uploads\/itsa-2026-cortado-de-1080x1080-1-1.png","articleSection":["Unternehmens-News"],"inLanguage":"de-DE"},{"@type":"WebPage","@id":"https:\/\/www.cortado.com\/de\/unternehmensnews\/cortado-mobile-solutions-auf-der-it-sa-2026-gemeinsam-fuer-den-sicheren-mobilen-arbeitsplatz-mit-vier-starken-partnern\/","url":"https:\/\/www.cortado.com\/de\/unternehmensnews\/cortado-mobile-solutions-auf-der-it-sa-2026-gemeinsam-fuer-den-sicheren-mobilen-arbeitsplatz-mit-vier-starken-partnern\/","name":"Cortado Mobile Solutions auf der it-sa 2026: Gemeinsam f\u00fcr den sicheren mobilen Arbeitsplatz \u2013 mit vier starken Partnern","isPartOf":{"@id":"https:\/\/www.cortado.com\/de\/#website"},"primaryImageOfPage":{"@id":"https:\/\/www.cortado.com\/de\/unternehmensnews\/cortado-mobile-solutions-auf-der-it-sa-2026-gemeinsam-fuer-den-sicheren-mobilen-arbeitsplatz-mit-vier-starken-partnern\/#primaryimage"},"image":{"@id":"https:\/\/www.cortado.com\/de\/unternehmensnews\/cortado-mobile-solutions-auf-der-it-sa-2026-gemeinsam-fuer-den-sicheren-mobilen-arbeitsplatz-mit-vier-starken-partnern\/#primaryimage"},"thumbnailUrl":"https:\/\/www.cortado.com\/wp-content\/uploads\/itsa-2026-cortado-de-1080x1080-1-1.png","datePublished":"2026-09-01T09:49:21+00:00","dateModified":"2026-09-02T09:26:10+00:00","author":{"@id":"https:\/\/www.cortado.com\/de\/#\/schema\/person\/a208d5b9f4830dc26b3fc3b59dd909ea"},"description":"Vom 27.-29.10.2026 ist Cortado Mobile Solutions in\u00a0Halle 7, 7-214\u00a0auf der it-sa in N\u00fcrnberg vertreten mit erweitertem Partner-Line-up zu Mobile Security, KI, IT-Infrastruktur und physischem Ger\u00e4teschutz.","breadcrumb":{"@id":"https:\/\/www.cortado.com\/de\/unternehmensnews\/cortado-mobile-solutions-auf-der-it-sa-2026-gemeinsam-fuer-den-sicheren-mobilen-arbeitsplatz-mit-vier-starken-partnern\/#breadcrumb"},"inLanguage":"de-DE","potentialAction":[{"@type":"ReadAction","target":["https:\/\/www.cortado.com\/de\/unternehmensnews\/cortado-mobile-solutions-auf-der-it-sa-2026-gemeinsam-fuer-den-sicheren-mobilen-arbeitsplatz-mit-vier-starken-partnern\/"]}]},{"@type":"ImageObject","inLanguage":"de-DE","@id":"https:\/\/www.cortado.com\/de\/unternehmensnews\/cortado-mobile-solutions-auf-der-it-sa-2026-gemeinsam-fuer-den-sicheren-mobilen-arbeitsplatz-mit-vier-starken-partnern\/#primaryimage","url":"https:\/\/www.cortado.com\/wp-content\/uploads\/itsa-2026-cortado-de-1080x1080-1-1.png","contentUrl":"https:\/\/www.cortado.com\/wp-content\/uploads\/itsa-2026-cortado-de-1080x1080-1-1.png","width":1080,"height":1080,"caption":"it-sa dabei"},{"@type":"BreadcrumbList","@id":"https:\/\/www.cortado.com\/de\/unternehmensnews\/cortado-mobile-solutions-auf-der-it-sa-2026-gemeinsam-fuer-den-sicheren-mobilen-arbeitsplatz-mit-vier-starken-partnern\/#breadcrumb","itemListElement":[{"@type":"ListItem","position":1,"name":"Home","item":"https:\/\/www.cortado.com\/de\/startseite\/"},{"@type":"ListItem","position":2,"name":"Cortado Mobile Solutions auf der it-sa 2026: Gemeinsam f\u00fcr den sicheren mobilen Arbeitsplatz \u2013 mit vier starken Partnern"}]},{"@type":"WebSite","@id":"https:\/\/www.cortado.com\/de\/#website","url":"https:\/\/www.cortado.com\/de\/","name":"Cortado","description":"","potentialAction":[{"@type":"SearchAction","target":{"@type":"EntryPoint","urlTemplate":"https:\/\/www.cortado.com\/de\/?s={search_term_string}"},"query-input":{"@type":"PropertyValueSpecification","valueRequired":true,"valueName":"search_term_string"}}],"inLanguage":"de-DE"},{"@type":"Person","@id":"https:\/\/www.cortado.com\/de\/#\/schema\/person\/a208d5b9f4830dc26b3fc3b59dd909ea","name":"Simone Fulton","image":{"@type":"ImageObject","inLanguage":"de-DE","@id":"https:\/\/secure.gravatar.com\/avatar\/40636cdacf48abcbccbdd0b19f88fbab69252a38f765fb1d02b033d491a6f98f?s=96&d=mm&r=g","url":"https:\/\/secure.gravatar.com\/avatar\/40636cdacf48abcbccbdd0b19f88fbab69252a38f765fb1d02b033d491a6f98f?s=96&d=mm&r=g","contentUrl":"https:\/\/secure.gravatar.com\/avatar\/40636cdacf48abcbccbdd0b19f88fbab69252a38f765fb1d02b033d491a6f98f?s=96&d=mm&r=g","caption":"Simone Fulton"}}]}},"author_meta":{"display_name":"Simone Fulton","author_link":"https:\/\/www.cortado.com\/de\/author\/siklu\/"},"featured_img":"https:\/\/www.cortado.com\/wp-content\/uploads\/itsa-2026-cortado-de-1080x1080-1-1-300x300.png","coauthors":[],"tax_additional":{"categories":{"linked":["<a href=\"https:\/\/www.cortado.com\/de\/kategorie\/unternehmensnews\/\" class=\"advgb-post-tax-term\">Unternehmens-News<\/a>"],"unlinked":["<span class=\"advgb-post-tax-term\">Unternehmens-News<\/span>"]}},"comment_count":"0","relative_dates":{"created":"Ver\u00f6ffentlicht 1 Tag vor","modified":"Aktualisiert 12 Stunden vor"},"absolute_dates":{"created":"Ver\u00f6ffentlicht am September 1, 2026","modified":"Aktualisiert am September 2, 2026"},"absolute_dates_time":{"created":"Ver\u00f6ffentlicht am September 1, 2026 9:49 am","modified":"Aktualisiert am September 2, 2026 9:26 am"},"featured_img_caption":"","series_order":"","_links":{"self":[{"href":"https:\/\/www.cortado.com\/de\/wp-json\/wp\/v2\/posts\/17732","targetHints":{"allow":["GET"]}}],"collection":[{"href":"https:\/\/www.cortado.com\/de\/wp-json\/wp\/v2\/posts"}],"about":[{"href":"https:\/\/www.cortado.com\/de\/wp-json\/wp\/v2\/types\/post"}],"author":[{"embeddable":true,"href":"https:\/\/www.cortado.com\/de\/wp-json\/wp\/v2\/users\/8"}],"replies":[{"embeddable":true,"href":"https:\/\/www.cortado.com\/de\/wp-json\/wp\/v2\/comments?post=17732"}],"version-history":[{"count":0,"href":"https:\/\/www.cortado.com\/de\/wp-json\/wp\/v2\/posts\/17732\/revisions"}],"wp:featuredmedia":[{"embeddable":true,"href":"https:\/\/www.cortado.com\/de\/wp-json\/wp\/v2\/media\/17762"}],"wp:attachment":[{"href":"https:\/\/www.cortado.com\/de\/wp-json\/wp\/v2\/media?parent=17732"}],"wp:term":[{"taxonomy":"category","embeddable":true,"href":"https:\/\/www.cortado.com\/de\/wp-json\/wp\/v2\/categories?post=17732"},{"taxonomy":"post_tag","embeddable":true,"href":"https:\/\/www.cortado.com\/de\/wp-json\/wp\/v2\/tags?post=17732"}],"curies":[{"name":"wp","href":"https:\/\/api.w.org\/{rel}","templated":true}]}}