{"id":2512,"date":"2020-12-15T15:59:39","date_gmt":"2020-12-15T15:59:39","guid":{"rendered":"https:\/\/cortadoblog1.wpengine.com\/cortado-mdm-jetzt-geteilte-ipads-im-unternehmen-einrichten\/"},"modified":"2025-01-10T09:43:53","modified_gmt":"2025-01-10T09:43:53","slug":"cortado-mdm-jetzt-geteilte-ipads-im-unternehmen-einrichten","status":"publish","type":"post","link":"https:\/\/www.cortado.com\/de\/news\/cortado-mdm-jetzt-geteilte-ipads-im-unternehmen-einrichten\/","title":{"rendered":"Geteiltes iPad f\u00fcr den Unternehmenseinsatz einrichten"},"content":{"rendered":"\n<p class=\"has-medium-font-size\"><strong>Mit Cortado MDM k\u00f6nnen Sie ein gemeinsam genutztes iPad einrichten und damit mehreren Nutzern einen eigenen, personalisierten Arbeitsplatz auf demselben Ger\u00e4t bereitstellen.<\/strong><\/p>\n\n\n\n<p>Bis vor kurzem war ein effektives Ger\u00e4teverwaltungskonzept f\u00fcr die gemeinsame Nutzung von iPads nur mit dem <a href=\"https:\/\/blog.cortado.com\/de\/apple-school-manager-alles-was-sie-darueber-wissen-muessen\/\">Apple School Manager<\/a> m\u00f6glich, so dass dies ein exklusives Feature f\u00fcr den Bildungssektor blieb.<\/p>\n\n\n\n<p>Jetzt ist diese Funktion f\u00fcr betreute (<strong><a rel=\"noreferrer noopener\" href=\"https:\/\/blog.cortado.com\/de\/iphone-geraeteverwaltung\/\" target=\"_blank\">Supervised<\/a><\/strong>) Ger\u00e4te mit iOS 13.4 verf\u00fcgbar und wird von Cortado MDM f\u00fcr alle Nutzer vollst\u00e4ndig unterst\u00fctzt. <\/p>\n\n\n\n<p>Zahlreiche neue Anwendungsf\u00e4lle f\u00fcr das geteilte Ger\u00e4temanagement am modernen Arbeitsplatz, z. B. f\u00fcr die Schichtarbeit, sind jetzt nur noch wenige Klicks entfernt.<\/p>\n\n\n\n<h2 class=\"wp-block-heading\" id=\"h-geteiltes-ipad-im-unternehmen-einrichten-so-funktioniert-s\">Geteiltes iPad im Unternehmen einrichten \u2013 So funktioniert&#8217;s<\/h2>\n\n\n<div class=\"wp-block-image\">\n<figure class=\"aligncenter size-full\"><img loading=\"lazy\" decoding=\"async\" width=\"843\" height=\"733\" src=\"https:\/\/www.cortado.com\/wp-content\/uploads\/cs106_dep_ohne-pfeil-1.png\" alt=\"Geteiltes iPad im Unternehmen einrichten \u2013 So funktioniert's\" class=\"wp-image-10561\" srcset=\"https:\/\/www.cortado.com\/wp-content\/uploads\/cs106_dep_ohne-pfeil-1.png 843w, https:\/\/www.cortado.com\/wp-content\/uploads\/cs106_dep_ohne-pfeil-1-300x261.png 300w, https:\/\/www.cortado.com\/wp-content\/uploads\/cs106_dep_ohne-pfeil-1-768x668.png 768w\" sizes=\"auto, (max-width: 843px) 100vw, 843px\" \/><figcaption class=\"wp-element-caption\">Geteiltes iPad im Unternehmen einrichten \u2013 So funktioniert&#8217;s<\/figcaption><\/figure>\n<\/div>\n\n\n<p>Wenn sich ein Benutzer mit seiner verwalteten Apple ID anmeldet, wird ihm automatisch eine separate Partition des Festplattenspeichers des Ger\u00e4ts zur Verf\u00fcgung gestellt. Das bedeutet, dass mehrere Nutzer mit jeweils unterschiedlichen Bed\u00fcrfnissen und App-Anforderungen einen vollst\u00e4ndig personalisierten Arbeitsbereich auf einem einzigen iPad nutzen k\u00f6nnen. <\/p>\n\n\n\n<p>Jedes iPad kann \u00fcber das Web Dashboard von Cortado MDM aus der Ferne verwaltet werden, so dass der Ger\u00e4teadministrator das Ger\u00e4t nicht in der Hand haben muss, um Apps zu installieren oder Sicherheitsrichtlinien durchzusetzen.<\/p>\n\n\n\n<p>Voraussetzung sind iPads, die die notwendigen&nbsp;<strong><a href=\"https:\/\/support.apple.com\/de-de\/guide\/mdm\/cad7e2e0cf56\/1\/web\/1.0\" target=\"_blank\" rel=\"noreferrer noopener\">Hardware-Anforderungen<\/a><\/strong>&nbsp;erf\u00fcllen und die Nutzung des kostenlosen Programms Apple Business Manager, in dem Sie die iPads f\u00fcr die gemeinsame Nutzung anmelden und alle Benutzer-Accounts anlegen&nbsp;<strong><a href=\"https:\/\/blog.cortado.com\/de\/geraeteverwaltung-mit-apple-business-manager\/\" target=\"_blank\" rel=\"noreferrer noopener\">&gt;&gt; Mehr zum Apple Business Manager. <\/a><\/strong><\/p>\n\n\n\n<p>Dank der Gastmodus-Funktion k\u00f6nnen sich auch Benutzer ohne Account ein iPad teilen. Sobald die Gastsitzung beendet ist, werden alle Daten automatisch gel\u00f6scht.<\/p>\n\n\n\n<h2 class=\"wp-block-heading\" id=\"h-weitere-updates\">Weitere Updates<\/h2>\n\n\n\n<p>Unser j\u00fcngstes Update f\u00fcr Cortado Server enthielt mehrere spannende neue Updates, wie den Schutz vor dem Zur\u00fccksetzen des Ger\u00e4ts und die unabh\u00e4ngige App-Bereitstellung f\u00fcr Ihre Android-Ger\u00e4te. Cortado MDM unterst\u00fctzt nun auch diese Updates! Mehr dazu erfahren Sie auf der Seite <strong><a rel=\"noreferrer noopener\" href=\"https:\/\/blog.cortado.com\/de\/cortado-server-jetzt-mit-factory-reset-protection-und-mehr\/\" target=\"_blank\">Cortado Server: Jetzt mit Factory Reset Protection und mehr<\/a><\/strong>.<\/p>\n\n\n\n<h2 class=\"wp-block-heading\" id=\"h-cortado-mdm-jetzt-kostenlos-testen\">Cortado MDM: Jetzt kostenlos testen<\/h2>\n\n\n\n<p>Dank der Cloud-basierten Architektur ist <strong><a href=\"https:\/\/www.cortado.com\/de\/produkte\/mdm\/\" target=\"_blank\" rel=\"noreferrer noopener\">Cortado MDM<\/a><\/strong> in wenigen Minuten eingerichtet, sodass Ihre Ger\u00e4te jederzeit und \u00fcberall verwaltet werden k\u00f6nnen. Probieren Sie es noch heute kostenlos aus!<\/p>\n\n\n\n<div style=\"height:20px\" aria-hidden=\"true\" class=\"wp-block-spacer\"><\/div>\n\n\n\n<div class=\"wp-block-buttons is-layout-flex wp-block-buttons-is-layout-flex\">\n<div class=\"wp-block-button\"><a class=\"wp-block-button__link has-text-color has-background wp-element-button\" href=\"https:\/\/www.cortado.com\/de\/kostenlos-testen\/\" style=\"border-radius:5px;color:#ffffff;background-color:#9cb776\">Cortado MDM &#8211; Kostenlos testen<\/a><\/div>\n<\/div>\n\n\n\n<div style=\"height:100px\" aria-hidden=\"true\" class=\"wp-block-spacer\"><\/div>\n\n\n\n<div class=\"wp-block-media-text is-stacked-on-mobile is-image-fill  has-background\" style=\"background-color:#5d9200;\"><figure class=\"wp-block-media-text__media\" style=\"background-image:url(https:\/\/www.cortado.com\/wp-content\/uploads\/\/private-phones-company-1024x576.jpg);background-position:36% 59%\"><img loading=\"lazy\" decoding=\"async\" width=\"1024\" height=\"576\" src=\"https:\/\/www.cortado.com\/wp-content\/uploads\/\/private-phones-company-1024x576.jpg\" alt=\"Woman working at home with laptop and smartphone.\" class=\"wp-image-10308 size-full\" srcset=\"https:\/\/www.cortado.com\/wp-content\/uploads\/private-phones-company-1024x576.jpg 1024w, https:\/\/www.cortado.com\/wp-content\/uploads\/private-phones-company-300x169.jpg 300w, https:\/\/www.cortado.com\/wp-content\/uploads\/private-phones-company-768x432.jpg 768w, https:\/\/www.cortado.com\/wp-content\/uploads\/private-phones-company.jpg 1200w\" sizes=\"auto, (max-width: 1024px) 100vw, 1024px\" \/><\/figure><div class=\"wp-block-media-text__content\">\n<div style=\"height:50px\" aria-hidden=\"true\" class=\"wp-block-spacer\"><\/div>\n\n\n\n<p class=\"has-text-color has-link-color has-large-font-size wp-elements-753f3caaf30b19624a5558dbe7a4f757\" style=\"color:#ffffff\">Noch kein Cortado-Kunde?<\/p>\n\n\n\n<p class=\"has-text-color has-link-color has-medium-font-size wp-elements-b23acf186994b7215a9c70ace1534fe6\" style=\"color:#ffffff\">Testen Sie Cortado MDM kostenlos und unverbindlich!<\/p>\n\n\n\n<div style=\"height:15px\" aria-hidden=\"true\" class=\"wp-block-spacer\"><\/div>\n\n\n\n<div class=\"wp-block-buttons is-layout-flex wp-block-buttons-is-layout-flex\">\n<div class=\"wp-block-button is-style-outline is-style-outline--1\"><a class=\"wp-block-button__link has-text-color has-link-color wp-element-button\" href=\"\/de\/testen\/\" style=\"color:#ffffff\">Jetzt kostenlos testen<\/a><\/div>\n<\/div>\n\n\n\n<div style=\"height:50px\" aria-hidden=\"true\" class=\"wp-block-spacer\"><\/div>\n<\/div><\/div>\n","protected":false},"excerpt":{"rendered":"<p>Mit Cortado MDM k\u00f6nnen Sie ein gemeinsam genutztes iPad einrichten und damit mehreren Nutzern einen eigenen, personalisierten Arbeitsplatz auf demselben Ger\u00e4t bereitstellen.<\/p>\n","protected":false},"author":17,"featured_media":10358,"comment_status":"closed","ping_status":"open","sticky":false,"template":"","format":"standard","meta":{"_acf_changed":false,"inline_featured_image":false,"advgb_blocks_editor_width":"","advgb_blocks_columns_visual_guide":"","footnotes":""},"categories":[1,10968],"tags":[],"class_list":["post-2512","post","type-post","status-publish","format-standard","has-post-thumbnail","hentry","category-news","category-produktupdates"],"acf":[],"yoast_head":"<!-- This site is optimized with the Yoast SEO Premium plugin v21.9 (Yoast SEO v27.3) - https:\/\/yoast.com\/product\/yoast-seo-premium-wordpress\/ -->\n<title>Geteiltes iPad einrichten: Jetzt auch f\u00fcr Unternehmen \u2013 So funktioniert&#039;s<\/title>\n<meta name=\"description\" content=\"Mit Cortado MDM k\u00f6nnen Sie ein gemeinsam genutztes iPad zentral einrichten. Wie es funktioniert, erfahren Sie in diesem Post.\" \/>\n<meta name=\"robots\" content=\"index, follow, max-snippet:-1, max-image-preview:large, max-video-preview:-1\" \/>\n<link rel=\"canonical\" href=\"https:\/\/www.cortado.com\/de\/news\/cortado-mdm-jetzt-geteilte-ipads-im-unternehmen-einrichten\/\" \/>\n<meta property=\"og:locale\" content=\"de_DE\" \/>\n<meta property=\"og:type\" content=\"article\" \/>\n<meta property=\"og:title\" content=\"Geteiltes iPad f\u00fcr den Unternehmenseinsatz einrichten\" \/>\n<meta property=\"og:description\" content=\"Mit Cortado MDM k\u00f6nnen Sie ein gemeinsam genutztes iPad zentral einrichten. Wie es funktioniert, erfahren Sie in diesem Post.\" \/>\n<meta property=\"og:url\" content=\"https:\/\/www.cortado.com\/de\/news\/cortado-mdm-jetzt-geteilte-ipads-im-unternehmen-einrichten\/\" \/>\n<meta property=\"og:site_name\" content=\"Cortado\" \/>\n<meta property=\"article:publisher\" content=\"https:\/\/www.facebook.com\/CortadoMobileSolutions\/\" \/>\n<meta property=\"article:published_time\" content=\"2020-12-15T15:59:39+00:00\" \/>\n<meta property=\"article:modified_time\" content=\"2025-01-10T09:43:53+00:00\" \/>\n<meta property=\"og:image\" content=\"https:\/\/www.cortado.com\/wp-content\/uploads\/cs106_dep_ohne-pfeil-1.png\" \/>\n\t<meta property=\"og:image:width\" content=\"843\" \/>\n\t<meta property=\"og:image:height\" content=\"733\" \/>\n\t<meta property=\"og:image:type\" content=\"image\/png\" \/>\n<meta name=\"author\" content=\"Dana Meier\" \/>\n<meta name=\"twitter:card\" content=\"summary_large_image\" \/>\n<meta name=\"twitter:creator\" content=\"@cortado_com\" \/>\n<meta name=\"twitter:site\" content=\"@cortado_com\" \/>\n<meta name=\"twitter:label1\" content=\"Verfasst von\" \/>\n\t<meta name=\"twitter:data1\" content=\"Dana Meier\" \/>\n\t<meta name=\"twitter:label2\" content=\"Gesch\u00e4tzte Lesezeit\" \/>\n\t<meta name=\"twitter:data2\" content=\"3 Minuten\" \/>\n<script type=\"application\/ld+json\" class=\"yoast-schema-graph\">{\"@context\":\"https:\\\/\\\/schema.org\",\"@graph\":[{\"@type\":\"Article\",\"@id\":\"https:\\\/\\\/www.cortado.com\\\/de\\\/news\\\/cortado-mdm-jetzt-geteilte-ipads-im-unternehmen-einrichten\\\/#article\",\"isPartOf\":{\"@id\":\"https:\\\/\\\/www.cortado.com\\\/de\\\/news\\\/cortado-mdm-jetzt-geteilte-ipads-im-unternehmen-einrichten\\\/\"},\"author\":{\"name\":\"Dana Meier\",\"@id\":\"https:\\\/\\\/www.cortado.com\\\/de\\\/#\\\/schema\\\/person\\\/ac9f1fc506c87ac46dfd6afa638329cc\"},\"headline\":\"Geteiltes iPad f\u00fcr den Unternehmenseinsatz einrichten\",\"datePublished\":\"2020-12-15T15:59:39+00:00\",\"dateModified\":\"2025-01-10T09:43:53+00:00\",\"mainEntityOfPage\":{\"@id\":\"https:\\\/\\\/www.cortado.com\\\/de\\\/news\\\/cortado-mdm-jetzt-geteilte-ipads-im-unternehmen-einrichten\\\/\"},\"wordCount\":384,\"image\":{\"@id\":\"https:\\\/\\\/www.cortado.com\\\/de\\\/news\\\/cortado-mdm-jetzt-geteilte-ipads-im-unternehmen-einrichten\\\/#primaryimage\"},\"thumbnailUrl\":\"https:\\\/\\\/www.cortado.com\\\/wp-content\\\/uploads\\\/Neu-in-Cortado-MDM-Label-1.png\",\"articleSection\":[\"Alle News &amp; Updates\",\"Produkt-Updates\"],\"inLanguage\":\"de-DE\"},{\"@type\":\"WebPage\",\"@id\":\"https:\\\/\\\/www.cortado.com\\\/de\\\/news\\\/cortado-mdm-jetzt-geteilte-ipads-im-unternehmen-einrichten\\\/\",\"url\":\"https:\\\/\\\/www.cortado.com\\\/de\\\/news\\\/cortado-mdm-jetzt-geteilte-ipads-im-unternehmen-einrichten\\\/\",\"name\":\"Geteiltes iPad einrichten: Jetzt auch f\u00fcr Unternehmen \u2013 So funktioniert's\",\"isPartOf\":{\"@id\":\"https:\\\/\\\/www.cortado.com\\\/de\\\/#website\"},\"primaryImageOfPage\":{\"@id\":\"https:\\\/\\\/www.cortado.com\\\/de\\\/news\\\/cortado-mdm-jetzt-geteilte-ipads-im-unternehmen-einrichten\\\/#primaryimage\"},\"image\":{\"@id\":\"https:\\\/\\\/www.cortado.com\\\/de\\\/news\\\/cortado-mdm-jetzt-geteilte-ipads-im-unternehmen-einrichten\\\/#primaryimage\"},\"thumbnailUrl\":\"https:\\\/\\\/www.cortado.com\\\/wp-content\\\/uploads\\\/Neu-in-Cortado-MDM-Label-1.png\",\"datePublished\":\"2020-12-15T15:59:39+00:00\",\"dateModified\":\"2025-01-10T09:43:53+00:00\",\"author\":{\"@id\":\"https:\\\/\\\/www.cortado.com\\\/de\\\/#\\\/schema\\\/person\\\/ac9f1fc506c87ac46dfd6afa638329cc\"},\"description\":\"Mit Cortado MDM k\u00f6nnen Sie ein gemeinsam genutztes iPad zentral einrichten. Wie es funktioniert, erfahren Sie in diesem Post.\",\"breadcrumb\":{\"@id\":\"https:\\\/\\\/www.cortado.com\\\/de\\\/news\\\/cortado-mdm-jetzt-geteilte-ipads-im-unternehmen-einrichten\\\/#breadcrumb\"},\"inLanguage\":\"de-DE\",\"potentialAction\":[{\"@type\":\"ReadAction\",\"target\":[\"https:\\\/\\\/www.cortado.com\\\/de\\\/news\\\/cortado-mdm-jetzt-geteilte-ipads-im-unternehmen-einrichten\\\/\"]}]},{\"@type\":\"ImageObject\",\"inLanguage\":\"de-DE\",\"@id\":\"https:\\\/\\\/www.cortado.com\\\/de\\\/news\\\/cortado-mdm-jetzt-geteilte-ipads-im-unternehmen-einrichten\\\/#primaryimage\",\"url\":\"https:\\\/\\\/www.cortado.com\\\/wp-content\\\/uploads\\\/Neu-in-Cortado-MDM-Label-1.png\",\"contentUrl\":\"https:\\\/\\\/www.cortado.com\\\/wp-content\\\/uploads\\\/Neu-in-Cortado-MDM-Label-1.png\",\"width\":720,\"height\":720,\"caption\":\"Neu in Cortado MDM (Label)\"},{\"@type\":\"BreadcrumbList\",\"@id\":\"https:\\\/\\\/www.cortado.com\\\/de\\\/news\\\/cortado-mdm-jetzt-geteilte-ipads-im-unternehmen-einrichten\\\/#breadcrumb\",\"itemListElement\":[{\"@type\":\"ListItem\",\"position\":1,\"name\":\"Home\",\"item\":\"https:\\\/\\\/www.cortado.com\\\/de\\\/\"},{\"@type\":\"ListItem\",\"position\":2,\"name\":\"Geteiltes iPad f\u00fcr den Unternehmenseinsatz einrichten\"}]},{\"@type\":\"WebSite\",\"@id\":\"https:\\\/\\\/www.cortado.com\\\/de\\\/#website\",\"url\":\"https:\\\/\\\/www.cortado.com\\\/de\\\/\",\"name\":\"Cortado\",\"description\":\"\",\"potentialAction\":[{\"@type\":\"SearchAction\",\"target\":{\"@type\":\"EntryPoint\",\"urlTemplate\":\"https:\\\/\\\/www.cortado.com\\\/de\\\/?s={search_term_string}\"},\"query-input\":{\"@type\":\"PropertyValueSpecification\",\"valueRequired\":true,\"valueName\":\"search_term_string\"}}],\"inLanguage\":\"de-DE\"},{\"@type\":\"Person\",\"@id\":\"https:\\\/\\\/www.cortado.com\\\/de\\\/#\\\/schema\\\/person\\\/ac9f1fc506c87ac46dfd6afa638329cc\",\"name\":\"Dana Meier\",\"image\":{\"@type\":\"ImageObject\",\"inLanguage\":\"de-DE\",\"@id\":\"https:\\\/\\\/secure.gravatar.com\\\/avatar\\\/cf3fd2e38bc822d322ecef24a517664752aa89f970bd31ab1a80c9a5f4117357?s=96&d=mm&r=g\",\"url\":\"https:\\\/\\\/secure.gravatar.com\\\/avatar\\\/cf3fd2e38bc822d322ecef24a517664752aa89f970bd31ab1a80c9a5f4117357?s=96&d=mm&r=g\",\"contentUrl\":\"https:\\\/\\\/secure.gravatar.com\\\/avatar\\\/cf3fd2e38bc822d322ecef24a517664752aa89f970bd31ab1a80c9a5f4117357?s=96&d=mm&r=g\",\"caption\":\"Dana Meier\"}}]}<\/script>\n<!-- \/ Yoast SEO Premium plugin. -->","yoast_head_json":{"title":"Geteiltes iPad einrichten: Jetzt auch f\u00fcr Unternehmen \u2013 So funktioniert's","description":"Mit Cortado MDM k\u00f6nnen Sie ein gemeinsam genutztes iPad zentral einrichten. Wie es funktioniert, erfahren Sie in diesem Post.","robots":{"index":"index","follow":"follow","max-snippet":"max-snippet:-1","max-image-preview":"max-image-preview:large","max-video-preview":"max-video-preview:-1"},"canonical":"https:\/\/www.cortado.com\/de\/news\/cortado-mdm-jetzt-geteilte-ipads-im-unternehmen-einrichten\/","og_locale":"de_DE","og_type":"article","og_title":"Geteiltes iPad f\u00fcr den Unternehmenseinsatz einrichten","og_description":"Mit Cortado MDM k\u00f6nnen Sie ein gemeinsam genutztes iPad zentral einrichten. Wie es funktioniert, erfahren Sie in diesem Post.","og_url":"https:\/\/www.cortado.com\/de\/news\/cortado-mdm-jetzt-geteilte-ipads-im-unternehmen-einrichten\/","og_site_name":"Cortado","article_publisher":"https:\/\/www.facebook.com\/CortadoMobileSolutions\/","article_published_time":"2020-12-15T15:59:39+00:00","article_modified_time":"2025-01-10T09:43:53+00:00","og_image":[{"width":843,"height":733,"url":"https:\/\/www.cortado.com\/wp-content\/uploads\/cs106_dep_ohne-pfeil-1.png","type":"image\/png"}],"author":"Dana Meier","twitter_card":"summary_large_image","twitter_creator":"@cortado_com","twitter_site":"@cortado_com","twitter_misc":{"Verfasst von":"Dana Meier","Gesch\u00e4tzte Lesezeit":"3 Minuten"},"schema":{"@context":"https:\/\/schema.org","@graph":[{"@type":"Article","@id":"https:\/\/www.cortado.com\/de\/news\/cortado-mdm-jetzt-geteilte-ipads-im-unternehmen-einrichten\/#article","isPartOf":{"@id":"https:\/\/www.cortado.com\/de\/news\/cortado-mdm-jetzt-geteilte-ipads-im-unternehmen-einrichten\/"},"author":{"name":"Dana Meier","@id":"https:\/\/www.cortado.com\/de\/#\/schema\/person\/ac9f1fc506c87ac46dfd6afa638329cc"},"headline":"Geteiltes iPad f\u00fcr den Unternehmenseinsatz einrichten","datePublished":"2020-12-15T15:59:39+00:00","dateModified":"2025-01-10T09:43:53+00:00","mainEntityOfPage":{"@id":"https:\/\/www.cortado.com\/de\/news\/cortado-mdm-jetzt-geteilte-ipads-im-unternehmen-einrichten\/"},"wordCount":384,"image":{"@id":"https:\/\/www.cortado.com\/de\/news\/cortado-mdm-jetzt-geteilte-ipads-im-unternehmen-einrichten\/#primaryimage"},"thumbnailUrl":"https:\/\/www.cortado.com\/wp-content\/uploads\/Neu-in-Cortado-MDM-Label-1.png","articleSection":["Alle News &amp; Updates","Produkt-Updates"],"inLanguage":"de-DE"},{"@type":"WebPage","@id":"https:\/\/www.cortado.com\/de\/news\/cortado-mdm-jetzt-geteilte-ipads-im-unternehmen-einrichten\/","url":"https:\/\/www.cortado.com\/de\/news\/cortado-mdm-jetzt-geteilte-ipads-im-unternehmen-einrichten\/","name":"Geteiltes iPad einrichten: Jetzt auch f\u00fcr Unternehmen \u2013 So funktioniert's","isPartOf":{"@id":"https:\/\/www.cortado.com\/de\/#website"},"primaryImageOfPage":{"@id":"https:\/\/www.cortado.com\/de\/news\/cortado-mdm-jetzt-geteilte-ipads-im-unternehmen-einrichten\/#primaryimage"},"image":{"@id":"https:\/\/www.cortado.com\/de\/news\/cortado-mdm-jetzt-geteilte-ipads-im-unternehmen-einrichten\/#primaryimage"},"thumbnailUrl":"https:\/\/www.cortado.com\/wp-content\/uploads\/Neu-in-Cortado-MDM-Label-1.png","datePublished":"2020-12-15T15:59:39+00:00","dateModified":"2025-01-10T09:43:53+00:00","author":{"@id":"https:\/\/www.cortado.com\/de\/#\/schema\/person\/ac9f1fc506c87ac46dfd6afa638329cc"},"description":"Mit Cortado MDM k\u00f6nnen Sie ein gemeinsam genutztes iPad zentral einrichten. Wie es funktioniert, erfahren Sie in diesem Post.","breadcrumb":{"@id":"https:\/\/www.cortado.com\/de\/news\/cortado-mdm-jetzt-geteilte-ipads-im-unternehmen-einrichten\/#breadcrumb"},"inLanguage":"de-DE","potentialAction":[{"@type":"ReadAction","target":["https:\/\/www.cortado.com\/de\/news\/cortado-mdm-jetzt-geteilte-ipads-im-unternehmen-einrichten\/"]}]},{"@type":"ImageObject","inLanguage":"de-DE","@id":"https:\/\/www.cortado.com\/de\/news\/cortado-mdm-jetzt-geteilte-ipads-im-unternehmen-einrichten\/#primaryimage","url":"https:\/\/www.cortado.com\/wp-content\/uploads\/Neu-in-Cortado-MDM-Label-1.png","contentUrl":"https:\/\/www.cortado.com\/wp-content\/uploads\/Neu-in-Cortado-MDM-Label-1.png","width":720,"height":720,"caption":"Neu in Cortado MDM (Label)"},{"@type":"BreadcrumbList","@id":"https:\/\/www.cortado.com\/de\/news\/cortado-mdm-jetzt-geteilte-ipads-im-unternehmen-einrichten\/#breadcrumb","itemListElement":[{"@type":"ListItem","position":1,"name":"Home","item":"https:\/\/www.cortado.com\/de\/"},{"@type":"ListItem","position":2,"name":"Geteiltes iPad f\u00fcr den Unternehmenseinsatz einrichten"}]},{"@type":"WebSite","@id":"https:\/\/www.cortado.com\/de\/#website","url":"https:\/\/www.cortado.com\/de\/","name":"Cortado","description":"","potentialAction":[{"@type":"SearchAction","target":{"@type":"EntryPoint","urlTemplate":"https:\/\/www.cortado.com\/de\/?s={search_term_string}"},"query-input":{"@type":"PropertyValueSpecification","valueRequired":true,"valueName":"search_term_string"}}],"inLanguage":"de-DE"},{"@type":"Person","@id":"https:\/\/www.cortado.com\/de\/#\/schema\/person\/ac9f1fc506c87ac46dfd6afa638329cc","name":"Dana Meier","image":{"@type":"ImageObject","inLanguage":"de-DE","@id":"https:\/\/secure.gravatar.com\/avatar\/cf3fd2e38bc822d322ecef24a517664752aa89f970bd31ab1a80c9a5f4117357?s=96&d=mm&r=g","url":"https:\/\/secure.gravatar.com\/avatar\/cf3fd2e38bc822d322ecef24a517664752aa89f970bd31ab1a80c9a5f4117357?s=96&d=mm&r=g","contentUrl":"https:\/\/secure.gravatar.com\/avatar\/cf3fd2e38bc822d322ecef24a517664752aa89f970bd31ab1a80c9a5f4117357?s=96&d=mm&r=g","caption":"Dana Meier"}}]}},"author_meta":{"display_name":"Dana Meier","author_link":"https:\/\/www.cortado.com\/de\/author\/damei\/"},"featured_img":"https:\/\/www.cortado.com\/wp-content\/uploads\/Neu-in-Cortado-MDM-Label-1-300x300.png","coauthors":[],"tax_additional":{"categories":{"linked":["<a href=\"https:\/\/www.cortado.com\/de\/kategorie\/news\/\" class=\"advgb-post-tax-term\">Alle News &amp; Updates<\/a>","<a href=\"https:\/\/www.cortado.com\/de\/kategorie\/produktupdates\/\" class=\"advgb-post-tax-term\">Produkt-Updates<\/a>"],"unlinked":["<span class=\"advgb-post-tax-term\">Alle News &amp; Updates<\/span>","<span class=\"advgb-post-tax-term\">Produkt-Updates<\/span>"]}},"comment_count":"0","relative_dates":{"created":"Ver\u00f6ffentlicht 5 Jahren vor","modified":"Aktualisiert 1 Jahr vor"},"absolute_dates":{"created":"Ver\u00f6ffentlicht am Dezember 15, 2020","modified":"Aktualisiert am Januar 10, 2025"},"absolute_dates_time":{"created":"Ver\u00f6ffentlicht am Dezember 15, 2020 3:59 pm","modified":"Aktualisiert am Januar 10, 2025 9:43 am"},"featured_img_caption":"","series_order":"","_links":{"self":[{"href":"https:\/\/www.cortado.com\/de\/wp-json\/wp\/v2\/posts\/2512","targetHints":{"allow":["GET"]}}],"collection":[{"href":"https:\/\/www.cortado.com\/de\/wp-json\/wp\/v2\/posts"}],"about":[{"href":"https:\/\/www.cortado.com\/de\/wp-json\/wp\/v2\/types\/post"}],"author":[{"embeddable":true,"href":"https:\/\/www.cortado.com\/de\/wp-json\/wp\/v2\/users\/17"}],"replies":[{"embeddable":true,"href":"https:\/\/www.cortado.com\/de\/wp-json\/wp\/v2\/comments?post=2512"}],"version-history":[{"count":0,"href":"https:\/\/www.cortado.com\/de\/wp-json\/wp\/v2\/posts\/2512\/revisions"}],"wp:featuredmedia":[{"embeddable":true,"href":"https:\/\/www.cortado.com\/de\/wp-json\/wp\/v2\/media\/10358"}],"wp:attachment":[{"href":"https:\/\/www.cortado.com\/de\/wp-json\/wp\/v2\/media?parent=2512"}],"wp:term":[{"taxonomy":"category","embeddable":true,"href":"https:\/\/www.cortado.com\/de\/wp-json\/wp\/v2\/categories?post=2512"},{"taxonomy":"post_tag","embeddable":true,"href":"https:\/\/www.cortado.com\/de\/wp-json\/wp\/v2\/tags?post=2512"}],"curies":[{"name":"wp","href":"https:\/\/api.w.org\/{rel}","templated":true}]}}