{"id":284,"date":"2022-01-13T10:23:15","date_gmt":"2022-01-13T10:23:15","guid":{"rendered":"https:\/\/cortadoblog1.wpengine.com\/app-management-primagas\/"},"modified":"2025-01-10T09:40:36","modified_gmt":"2025-01-10T09:40:36","slug":"app-management-primagas","status":"publish","type":"post","link":"https:\/\/www.cortado.com\/de\/news\/app-management-primagas\/","title":{"rendered":"Artikel im IT Administrator: App Management bei der Primagas AG"},"content":{"rendered":"\n<p>In einem Artikel in Ausgabe 9\/2016 der Zeitschrift IT Administrator geht es um den Einsatz der Enterprise-Mobility-L\u00f6sung Cortado Server bei der Primagas AG. Der Artikel mit dem Titel App Management f\u00fcr iOS Ger\u00e4te&nbsp;bei der Primagas AG beginnt mit:<\/p>\n\n\n\n<p>&#8220;Ein gutes MDM-Werkzeug vereint Ger\u00e4temanagement und mobilen Datenzugriff. Doch was, wenn auch noch die Kapselung von Standardanwendungen auf iOS-Systemen gefragt ist? Unser Anwenderbericht beschreibt, wie sich bei Primagas Energie eine aufw\u00e4ndig programmierte AcrobatReader-Anwendung in einer sicheren Sandbox-Umgebung betreiben l\u00e4sst, ohne dabei Anpassungen an der App vornehmen zu m\u00fcssen.&#8221;<\/p>\n\n\n\n<p>Lesen Sie hier den <a href=\"https:\/\/blog.cortado.com\/wp-content\/uploads\/IT-Administrator-Primagas.pdf\">vollst\u00e4ndigen Beitrag im IT Administrator<\/a>.<\/p>\n","protected":false},"excerpt":{"rendered":"<p>In einem Artikel in Ausgabe 9\/2016 der Zeitschrift IT Administrator geht es um den Einsatz der Enterprise-Mobility-L\u00f6sung Cortado Server bei der Primagas AG. Der Artikel mit dem Titel App Management f\u00fcr iOS Ger\u00e4te&nbsp;bei der Primagas AG beginnt mit: &#8220;Ein gutes MDM-Werkzeug vereint Ger\u00e4temanagement und mobilen Datenzugriff. Doch was, wenn auch noch die Kapselung von Standardanwendungen [&hellip;]<\/p>\n","protected":false},"author":8,"featured_media":10231,"comment_status":"closed","ping_status":"open","sticky":false,"template":"","format":"standard","meta":{"_acf_changed":false,"inline_featured_image":false,"advgb_blocks_editor_width":"","advgb_blocks_columns_visual_guide":"","footnotes":""},"categories":[1,10969],"tags":[],"class_list":["post-284","post","type-post","status-publish","format-standard","has-post-thumbnail","hentry","category-news","category-unternehmensnews"],"acf":[],"yoast_head":"<!-- This site is optimized with the Yoast SEO Premium plugin v21.9 (Yoast SEO v27.3) - https:\/\/yoast.com\/product\/yoast-seo-premium-wordpress\/ -->\n<title>App Management im Fokus - Artikel im IT Administrator<\/title>\n<meta name=\"description\" content=\"In einer k\u00fcrzlich erschienenen Ausgabe des IT Administrator geht es um App Management (ohne Anpassung) f\u00fcr iOS Ger\u00e4te bei der Primagas AG.\" \/>\n<meta name=\"robots\" content=\"index, follow, max-snippet:-1, max-image-preview:large, max-video-preview:-1\" \/>\n<link rel=\"canonical\" href=\"https:\/\/www.cortado.com\/de\/news\/app-management-primagas\/\" \/>\n<meta property=\"og:locale\" content=\"de_DE\" \/>\n<meta property=\"og:type\" content=\"article\" \/>\n<meta property=\"og:title\" content=\"Artikel im IT Administrator: App Management bei der Primagas AG\" \/>\n<meta property=\"og:description\" content=\"In einer k\u00fcrzlich erschienenen Ausgabe des IT Administrator geht es um App Management (ohne Anpassung) f\u00fcr iOS Ger\u00e4te bei der Primagas AG.\" \/>\n<meta property=\"og:url\" content=\"https:\/\/www.cortado.com\/de\/news\/app-management-primagas\/\" \/>\n<meta property=\"og:site_name\" content=\"Cortado\" \/>\n<meta property=\"article:publisher\" content=\"https:\/\/www.facebook.com\/CortadoMobileSolutions\/\" \/>\n<meta property=\"article:published_time\" content=\"2022-01-13T10:23:15+00:00\" \/>\n<meta property=\"article:modified_time\" content=\"2025-01-10T09:40:36+00:00\" \/>\n<meta property=\"og:image\" content=\"https:\/\/www.cortado.com\/wp-content\/uploads\/it-administrator-logo.png\" \/>\n\t<meta property=\"og:image:width\" content=\"795\" \/>\n\t<meta property=\"og:image:height\" content=\"158\" \/>\n\t<meta property=\"og:image:type\" content=\"image\/png\" \/>\n<meta name=\"author\" content=\"Simone Fulton\" \/>\n<meta name=\"twitter:card\" content=\"summary_large_image\" \/>\n<meta name=\"twitter:creator\" content=\"@cortado_com\" \/>\n<meta name=\"twitter:site\" content=\"@cortado_com\" \/>\n<meta name=\"twitter:label1\" content=\"Verfasst von\" \/>\n\t<meta name=\"twitter:data1\" content=\"Simone Fulton\" \/>\n\t<meta name=\"twitter:label2\" content=\"Gesch\u00e4tzte Lesezeit\" \/>\n\t<meta name=\"twitter:data2\" content=\"1 Minute\" \/>\n<script type=\"application\/ld+json\" class=\"yoast-schema-graph\">{\"@context\":\"https:\\\/\\\/schema.org\",\"@graph\":[{\"@type\":\"Article\",\"@id\":\"https:\\\/\\\/www.cortado.com\\\/de\\\/news\\\/app-management-primagas\\\/#article\",\"isPartOf\":{\"@id\":\"https:\\\/\\\/www.cortado.com\\\/de\\\/news\\\/app-management-primagas\\\/\"},\"author\":{\"name\":\"Simone Fulton\",\"@id\":\"https:\\\/\\\/www.cortado.com\\\/de\\\/#\\\/schema\\\/person\\\/a208d5b9f4830dc26b3fc3b59dd909ea\"},\"headline\":\"Artikel im IT Administrator: App Management bei der Primagas AG\",\"datePublished\":\"2022-01-13T10:23:15+00:00\",\"dateModified\":\"2025-01-10T09:40:36+00:00\",\"mainEntityOfPage\":{\"@id\":\"https:\\\/\\\/www.cortado.com\\\/de\\\/news\\\/app-management-primagas\\\/\"},\"wordCount\":114,\"image\":{\"@id\":\"https:\\\/\\\/www.cortado.com\\\/de\\\/news\\\/app-management-primagas\\\/#primaryimage\"},\"thumbnailUrl\":\"https:\\\/\\\/www.cortado.com\\\/wp-content\\\/uploads\\\/it-administrator-logo.png\",\"articleSection\":[\"Alle News &amp; Updates\",\"Unternehmens-News\"],\"inLanguage\":\"de-DE\"},{\"@type\":\"WebPage\",\"@id\":\"https:\\\/\\\/www.cortado.com\\\/de\\\/news\\\/app-management-primagas\\\/\",\"url\":\"https:\\\/\\\/www.cortado.com\\\/de\\\/news\\\/app-management-primagas\\\/\",\"name\":\"App Management im Fokus - Artikel im IT Administrator\",\"isPartOf\":{\"@id\":\"https:\\\/\\\/www.cortado.com\\\/de\\\/#website\"},\"primaryImageOfPage\":{\"@id\":\"https:\\\/\\\/www.cortado.com\\\/de\\\/news\\\/app-management-primagas\\\/#primaryimage\"},\"image\":{\"@id\":\"https:\\\/\\\/www.cortado.com\\\/de\\\/news\\\/app-management-primagas\\\/#primaryimage\"},\"thumbnailUrl\":\"https:\\\/\\\/www.cortado.com\\\/wp-content\\\/uploads\\\/it-administrator-logo.png\",\"datePublished\":\"2022-01-13T10:23:15+00:00\",\"dateModified\":\"2025-01-10T09:40:36+00:00\",\"author\":{\"@id\":\"https:\\\/\\\/www.cortado.com\\\/de\\\/#\\\/schema\\\/person\\\/a208d5b9f4830dc26b3fc3b59dd909ea\"},\"description\":\"In einer k\u00fcrzlich erschienenen Ausgabe des IT Administrator geht es um App Management (ohne Anpassung) f\u00fcr iOS Ger\u00e4te bei der Primagas AG.\",\"breadcrumb\":{\"@id\":\"https:\\\/\\\/www.cortado.com\\\/de\\\/news\\\/app-management-primagas\\\/#breadcrumb\"},\"inLanguage\":\"de-DE\",\"potentialAction\":[{\"@type\":\"ReadAction\",\"target\":[\"https:\\\/\\\/www.cortado.com\\\/de\\\/news\\\/app-management-primagas\\\/\"]}]},{\"@type\":\"ImageObject\",\"inLanguage\":\"de-DE\",\"@id\":\"https:\\\/\\\/www.cortado.com\\\/de\\\/news\\\/app-management-primagas\\\/#primaryimage\",\"url\":\"https:\\\/\\\/www.cortado.com\\\/wp-content\\\/uploads\\\/it-administrator-logo.png\",\"contentUrl\":\"https:\\\/\\\/www.cortado.com\\\/wp-content\\\/uploads\\\/it-administrator-logo.png\",\"width\":795,\"height\":158,\"caption\":\"IT-Administrator Logo\"},{\"@type\":\"BreadcrumbList\",\"@id\":\"https:\\\/\\\/www.cortado.com\\\/de\\\/news\\\/app-management-primagas\\\/#breadcrumb\",\"itemListElement\":[{\"@type\":\"ListItem\",\"position\":1,\"name\":\"Home\",\"item\":\"https:\\\/\\\/www.cortado.com\\\/de\\\/\"},{\"@type\":\"ListItem\",\"position\":2,\"name\":\"Artikel im IT Administrator: App Management bei der Primagas AG\"}]},{\"@type\":\"WebSite\",\"@id\":\"https:\\\/\\\/www.cortado.com\\\/de\\\/#website\",\"url\":\"https:\\\/\\\/www.cortado.com\\\/de\\\/\",\"name\":\"Cortado\",\"description\":\"\",\"potentialAction\":[{\"@type\":\"SearchAction\",\"target\":{\"@type\":\"EntryPoint\",\"urlTemplate\":\"https:\\\/\\\/www.cortado.com\\\/de\\\/?s={search_term_string}\"},\"query-input\":{\"@type\":\"PropertyValueSpecification\",\"valueRequired\":true,\"valueName\":\"search_term_string\"}}],\"inLanguage\":\"de-DE\"},{\"@type\":\"Person\",\"@id\":\"https:\\\/\\\/www.cortado.com\\\/de\\\/#\\\/schema\\\/person\\\/a208d5b9f4830dc26b3fc3b59dd909ea\",\"name\":\"Simone Fulton\",\"image\":{\"@type\":\"ImageObject\",\"inLanguage\":\"de-DE\",\"@id\":\"https:\\\/\\\/secure.gravatar.com\\\/avatar\\\/40636cdacf48abcbccbdd0b19f88fbab69252a38f765fb1d02b033d491a6f98f?s=96&d=mm&r=g\",\"url\":\"https:\\\/\\\/secure.gravatar.com\\\/avatar\\\/40636cdacf48abcbccbdd0b19f88fbab69252a38f765fb1d02b033d491a6f98f?s=96&d=mm&r=g\",\"contentUrl\":\"https:\\\/\\\/secure.gravatar.com\\\/avatar\\\/40636cdacf48abcbccbdd0b19f88fbab69252a38f765fb1d02b033d491a6f98f?s=96&d=mm&r=g\",\"caption\":\"Simone Fulton\"}}]}<\/script>\n<!-- \/ Yoast SEO Premium plugin. -->","yoast_head_json":{"title":"App Management im Fokus - Artikel im IT Administrator","description":"In einer k\u00fcrzlich erschienenen Ausgabe des IT Administrator geht es um App Management (ohne Anpassung) f\u00fcr iOS Ger\u00e4te bei der Primagas AG.","robots":{"index":"index","follow":"follow","max-snippet":"max-snippet:-1","max-image-preview":"max-image-preview:large","max-video-preview":"max-video-preview:-1"},"canonical":"https:\/\/www.cortado.com\/de\/news\/app-management-primagas\/","og_locale":"de_DE","og_type":"article","og_title":"Artikel im IT Administrator: App Management bei der Primagas AG","og_description":"In einer k\u00fcrzlich erschienenen Ausgabe des IT Administrator geht es um App Management (ohne Anpassung) f\u00fcr iOS Ger\u00e4te bei der Primagas AG.","og_url":"https:\/\/www.cortado.com\/de\/news\/app-management-primagas\/","og_site_name":"Cortado","article_publisher":"https:\/\/www.facebook.com\/CortadoMobileSolutions\/","article_published_time":"2022-01-13T10:23:15+00:00","article_modified_time":"2025-01-10T09:40:36+00:00","og_image":[{"width":795,"height":158,"url":"https:\/\/www.cortado.com\/wp-content\/uploads\/it-administrator-logo.png","type":"image\/png"}],"author":"Simone Fulton","twitter_card":"summary_large_image","twitter_creator":"@cortado_com","twitter_site":"@cortado_com","twitter_misc":{"Verfasst von":"Simone Fulton","Gesch\u00e4tzte Lesezeit":"1 Minute"},"schema":{"@context":"https:\/\/schema.org","@graph":[{"@type":"Article","@id":"https:\/\/www.cortado.com\/de\/news\/app-management-primagas\/#article","isPartOf":{"@id":"https:\/\/www.cortado.com\/de\/news\/app-management-primagas\/"},"author":{"name":"Simone Fulton","@id":"https:\/\/www.cortado.com\/de\/#\/schema\/person\/a208d5b9f4830dc26b3fc3b59dd909ea"},"headline":"Artikel im IT Administrator: App Management bei der Primagas AG","datePublished":"2022-01-13T10:23:15+00:00","dateModified":"2025-01-10T09:40:36+00:00","mainEntityOfPage":{"@id":"https:\/\/www.cortado.com\/de\/news\/app-management-primagas\/"},"wordCount":114,"image":{"@id":"https:\/\/www.cortado.com\/de\/news\/app-management-primagas\/#primaryimage"},"thumbnailUrl":"https:\/\/www.cortado.com\/wp-content\/uploads\/it-administrator-logo.png","articleSection":["Alle News &amp; Updates","Unternehmens-News"],"inLanguage":"de-DE"},{"@type":"WebPage","@id":"https:\/\/www.cortado.com\/de\/news\/app-management-primagas\/","url":"https:\/\/www.cortado.com\/de\/news\/app-management-primagas\/","name":"App Management im Fokus - Artikel im IT Administrator","isPartOf":{"@id":"https:\/\/www.cortado.com\/de\/#website"},"primaryImageOfPage":{"@id":"https:\/\/www.cortado.com\/de\/news\/app-management-primagas\/#primaryimage"},"image":{"@id":"https:\/\/www.cortado.com\/de\/news\/app-management-primagas\/#primaryimage"},"thumbnailUrl":"https:\/\/www.cortado.com\/wp-content\/uploads\/it-administrator-logo.png","datePublished":"2022-01-13T10:23:15+00:00","dateModified":"2025-01-10T09:40:36+00:00","author":{"@id":"https:\/\/www.cortado.com\/de\/#\/schema\/person\/a208d5b9f4830dc26b3fc3b59dd909ea"},"description":"In einer k\u00fcrzlich erschienenen Ausgabe des IT Administrator geht es um App Management (ohne Anpassung) f\u00fcr iOS Ger\u00e4te bei der Primagas AG.","breadcrumb":{"@id":"https:\/\/www.cortado.com\/de\/news\/app-management-primagas\/#breadcrumb"},"inLanguage":"de-DE","potentialAction":[{"@type":"ReadAction","target":["https:\/\/www.cortado.com\/de\/news\/app-management-primagas\/"]}]},{"@type":"ImageObject","inLanguage":"de-DE","@id":"https:\/\/www.cortado.com\/de\/news\/app-management-primagas\/#primaryimage","url":"https:\/\/www.cortado.com\/wp-content\/uploads\/it-administrator-logo.png","contentUrl":"https:\/\/www.cortado.com\/wp-content\/uploads\/it-administrator-logo.png","width":795,"height":158,"caption":"IT-Administrator Logo"},{"@type":"BreadcrumbList","@id":"https:\/\/www.cortado.com\/de\/news\/app-management-primagas\/#breadcrumb","itemListElement":[{"@type":"ListItem","position":1,"name":"Home","item":"https:\/\/www.cortado.com\/de\/"},{"@type":"ListItem","position":2,"name":"Artikel im IT Administrator: App Management bei der Primagas AG"}]},{"@type":"WebSite","@id":"https:\/\/www.cortado.com\/de\/#website","url":"https:\/\/www.cortado.com\/de\/","name":"Cortado","description":"","potentialAction":[{"@type":"SearchAction","target":{"@type":"EntryPoint","urlTemplate":"https:\/\/www.cortado.com\/de\/?s={search_term_string}"},"query-input":{"@type":"PropertyValueSpecification","valueRequired":true,"valueName":"search_term_string"}}],"inLanguage":"de-DE"},{"@type":"Person","@id":"https:\/\/www.cortado.com\/de\/#\/schema\/person\/a208d5b9f4830dc26b3fc3b59dd909ea","name":"Simone Fulton","image":{"@type":"ImageObject","inLanguage":"de-DE","@id":"https:\/\/secure.gravatar.com\/avatar\/40636cdacf48abcbccbdd0b19f88fbab69252a38f765fb1d02b033d491a6f98f?s=96&d=mm&r=g","url":"https:\/\/secure.gravatar.com\/avatar\/40636cdacf48abcbccbdd0b19f88fbab69252a38f765fb1d02b033d491a6f98f?s=96&d=mm&r=g","contentUrl":"https:\/\/secure.gravatar.com\/avatar\/40636cdacf48abcbccbdd0b19f88fbab69252a38f765fb1d02b033d491a6f98f?s=96&d=mm&r=g","caption":"Simone Fulton"}}]}},"author_meta":{"display_name":"Simone Fulton","author_link":"https:\/\/www.cortado.com\/de\/author\/siklu\/"},"featured_img":"https:\/\/www.cortado.com\/wp-content\/uploads\/it-administrator-logo-300x60.png","coauthors":[],"tax_additional":{"categories":{"linked":["<a href=\"https:\/\/www.cortado.com\/de\/kategorie\/news\/\" class=\"advgb-post-tax-term\">Alle News &amp; Updates<\/a>","<a href=\"https:\/\/www.cortado.com\/de\/kategorie\/unternehmensnews\/\" class=\"advgb-post-tax-term\">Unternehmens-News<\/a>"],"unlinked":["<span class=\"advgb-post-tax-term\">Alle News &amp; Updates<\/span>","<span class=\"advgb-post-tax-term\">Unternehmens-News<\/span>"]}},"comment_count":"0","relative_dates":{"created":"Ver\u00f6ffentlicht 4 Jahren vor","modified":"Aktualisiert 1 Jahr vor"},"absolute_dates":{"created":"Ver\u00f6ffentlicht am Januar 13, 2022","modified":"Aktualisiert am Januar 10, 2025"},"absolute_dates_time":{"created":"Ver\u00f6ffentlicht am Januar 13, 2022 10:23 am","modified":"Aktualisiert am Januar 10, 2025 9:40 am"},"featured_img_caption":"","series_order":"","_links":{"self":[{"href":"https:\/\/www.cortado.com\/de\/wp-json\/wp\/v2\/posts\/284","targetHints":{"allow":["GET"]}}],"collection":[{"href":"https:\/\/www.cortado.com\/de\/wp-json\/wp\/v2\/posts"}],"about":[{"href":"https:\/\/www.cortado.com\/de\/wp-json\/wp\/v2\/types\/post"}],"author":[{"embeddable":true,"href":"https:\/\/www.cortado.com\/de\/wp-json\/wp\/v2\/users\/8"}],"replies":[{"embeddable":true,"href":"https:\/\/www.cortado.com\/de\/wp-json\/wp\/v2\/comments?post=284"}],"version-history":[{"count":0,"href":"https:\/\/www.cortado.com\/de\/wp-json\/wp\/v2\/posts\/284\/revisions"}],"wp:featuredmedia":[{"embeddable":true,"href":"https:\/\/www.cortado.com\/de\/wp-json\/wp\/v2\/media\/10231"}],"wp:attachment":[{"href":"https:\/\/www.cortado.com\/de\/wp-json\/wp\/v2\/media?parent=284"}],"wp:term":[{"taxonomy":"category","embeddable":true,"href":"https:\/\/www.cortado.com\/de\/wp-json\/wp\/v2\/categories?post=284"},{"taxonomy":"post_tag","embeddable":true,"href":"https:\/\/www.cortado.com\/de\/wp-json\/wp\/v2\/tags?post=284"}],"curies":[{"name":"wp","href":"https:\/\/api.w.org\/{rel}","templated":true}]}}