{"id":7834,"date":"2023-02-08T08:47:48","date_gmt":"2023-02-08T08:47:48","guid":{"rendered":"https:\/\/cortado-website.local\/?p=7834"},"modified":"2025-01-10T09:37:16","modified_gmt":"2025-01-10T09:37:16","slug":"neuer-geschaeftsfuehrer-bei-cortado-mobile-solutions","status":"publish","type":"post","link":"https:\/\/www.cortado.com\/de\/news\/neuer-geschaeftsfuehrer-bei-cortado-mobile-solutions\/","title":{"rendered":"Neuer Gesch\u00e4ftsf\u00fchrer bei Cortado Mobile Solutions"},"content":{"rendered":"\n<h2 class=\"wp-block-heading\" id=\"h-michael-rodiger-verstarkt-fuhrungsteam-des-mdm-experten\">Michael R\u00f6diger verst\u00e4rkt F\u00fchrungsteam des MDM-Experten<\/h2>\n\n\n\n<p><\/p>\n\n\n\n<p><strong>(Berlin, 8. Februar 2023) Die Cortado Mobile Solutions GmbH, einer der f\u00fchrenden Anbieter mobiler Unternehmensl\u00f6sungen, erweitert ihre <a href=\"https:\/\/www.cortado.com\/de\/ueber-uns\/\" target=\"_blank\" rel=\"noreferrer noopener\">Gesch\u00e4ftsf\u00fchrung<\/a>. Als neuer CEO wird sich Michael R\u00f6diger auf den kaufm\u00e4nnischen Teil der Gesch\u00e4ftsf\u00fchrung konzentrieren. Benjamin Sch\u00fcler, der bisher sowohl die Position des CEO als auch die des CTO innehatte, wird sich verst\u00e4rkt um Produktmanagement und Entwicklung k\u00fcmmern. Michael R\u00f6diger trat 2017 in das Unternehmen ein, zun\u00e4chst im vertrieblichen Bereich, seit Oktober 2021 war er Leiter Vertrieb und Prokurist.<\/strong><\/p>\n\n\n\n<p><br>&#8220;Wir freuen uns sehr, dass Michael R\u00f6diger die Verantwortung als CEO bei Cortado \u00fcbernimmt. Seine Erfahrungen und F\u00e4higkeiten als bisheriger kaufm\u00e4nnischer Leiter von Cortado werden uns helfen, unser dynamisches Wachstum weiter voranzutreiben und unseren Kunden noch bessere L\u00f6sungen anzubieten&#8221;, so Cortado CTO Benjamin Sch\u00fcler.<\/p>\n\n\n\n<p>Cortado hat in den vergangenen Jahren mit seinen L\u00f6sungen f\u00fcr die einfache und datenschutzkonforme Verwaltung von Smartphones und Tablets rasant an Popularit\u00e4t gewonnen. Seit Sommer 2022 bietet das Unternehmen neben seiner cloudbasierten MDM-L\u00f6sung au\u00dferdem erfolgreich Firmenhandypakete zur Miete oder zum Kauf an. Die Ger\u00e4te kommen inklusive MDM-L\u00f6sung, Beratung und auf Wunsch mit Zubeh\u00f6r und Versicherung. &nbsp;<\/p>\n\n\n\n<p>Mit Michael R\u00f6diger an Bord erwartet das Unternehmen, seine Marktposition weiter auszubauen und seine Pr\u00e4senz in der Branche weiter zu st\u00e4rken.<\/p>\n\n\n\n<p><\/p>\n\n\n\n<p>&#8220;Ich freue mich sehr auf die weitere erfolgreiche Zusammenarbeit mit Benjamin Sch\u00fcler und darauf, den Unternehmenserfolg auf die n\u00e4chste Stufe zu bringen&#8221;, sagt Michael R\u00f6diger. &#8220;Ich bin \u00fcberzeugt, dass wir gemeinsam Gro\u00dfes erreichen werden.&#8221;<\/p>\n\n\n\n<p><a href=\"https:\/\/www.cortado.com\/wp-content\/uploads\/Presseinfo_neuer-GF-final.pdf\" target=\"_blank\" rel=\"noreferrer noopener\">Download der Presseinformation<\/a><\/p>\n\n\n\n<p><a href=\"https:\/\/www.cortado.com\/wp-content\/uploads\/michael-roediger-2.jpg\" target=\"_blank\" rel=\"noreferrer noopener\">Download des Pressefotos<\/a> <\/p>\n","protected":false},"excerpt":{"rendered":"<p>Cortado Mobile Solutions erweitert seine Gesch\u00e4ftsf\u00fchrung. Neuer CEO und Verantwortlicher f\u00fcr den kaufm\u00e4nnischen Teil ist Michael R\u00f6diger. <\/p>\n","protected":false},"author":8,"featured_media":7447,"comment_status":"closed","ping_status":"open","sticky":false,"template":"","format":"standard","meta":{"_acf_changed":false,"inline_featured_image":false,"advgb_blocks_editor_width":"","advgb_blocks_columns_visual_guide":"","footnotes":""},"categories":[1,5617],"tags":[],"class_list":["post-7834","post","type-post","status-publish","format-standard","has-post-thumbnail","hentry","category-news","category-pr"],"acf":[],"yoast_head":"<!-- This site is optimized with the Yoast SEO Premium plugin v21.9 (Yoast SEO v27.3) - https:\/\/yoast.com\/product\/yoast-seo-premium-wordpress\/ -->\n<title>Cortado Mobile Solutions begr\u00fc\u00dft neuen Gesch\u00e4ftsf\u00fchrer<\/title>\n<meta name=\"description\" content=\"Cortado Mobile Solutions erweitert seine Gesch\u00e4ftsf\u00fchrung. Neuer CEO und Verantwortlicher f\u00fcr den kaufm\u00e4nnischen Teil ist Michael R\u00f6diger.\" \/>\n<meta name=\"robots\" content=\"index, follow, max-snippet:-1, max-image-preview:large, max-video-preview:-1\" \/>\n<link rel=\"canonical\" href=\"https:\/\/www.cortado.com\/de\/news\/neuer-geschaeftsfuehrer-bei-cortado-mobile-solutions\/\" \/>\n<meta property=\"og:locale\" content=\"de_DE\" \/>\n<meta property=\"og:type\" content=\"article\" \/>\n<meta property=\"og:title\" content=\"Neuer Gesch\u00e4ftsf\u00fchrer bei Cortado Mobile Solutions\" \/>\n<meta property=\"og:description\" content=\"Cortado Mobile Solutions erweitert seine Gesch\u00e4ftsf\u00fchrung. Neuer CEO und Verantwortlicher f\u00fcr den kaufm\u00e4nnischen Teil ist Michael R\u00f6diger.\" \/>\n<meta property=\"og:url\" content=\"https:\/\/www.cortado.com\/de\/news\/neuer-geschaeftsfuehrer-bei-cortado-mobile-solutions\/\" \/>\n<meta property=\"og:site_name\" content=\"Cortado\" \/>\n<meta property=\"article:publisher\" content=\"https:\/\/www.facebook.com\/CortadoMobileSolutions\/\" \/>\n<meta property=\"article:published_time\" content=\"2023-02-08T08:47:48+00:00\" \/>\n<meta property=\"article:modified_time\" content=\"2025-01-10T09:37:16+00:00\" \/>\n<meta property=\"og:image\" content=\"https:\/\/www.cortado.com\/wp-content\/uploads\/Student-Michael-1-1.jpg\" \/>\n\t<meta property=\"og:image:width\" content=\"500\" \/>\n\t<meta property=\"og:image:height\" content=\"800\" \/>\n\t<meta property=\"og:image:type\" content=\"image\/jpeg\" \/>\n<meta name=\"author\" content=\"Simone Fulton\" \/>\n<meta name=\"twitter:card\" content=\"summary_large_image\" \/>\n<meta name=\"twitter:creator\" content=\"@cortado_com\" \/>\n<meta name=\"twitter:site\" content=\"@cortado_com\" \/>\n<meta name=\"twitter:label1\" content=\"Verfasst von\" \/>\n\t<meta name=\"twitter:data1\" content=\"Simone Fulton\" \/>\n\t<meta name=\"twitter:label2\" content=\"Gesch\u00e4tzte Lesezeit\" \/>\n\t<meta name=\"twitter:data2\" content=\"2 Minuten\" \/>\n<script type=\"application\/ld+json\" class=\"yoast-schema-graph\">{\"@context\":\"https:\\\/\\\/schema.org\",\"@graph\":[{\"@type\":\"Article\",\"@id\":\"https:\\\/\\\/www.cortado.com\\\/de\\\/news\\\/neuer-geschaeftsfuehrer-bei-cortado-mobile-solutions\\\/#article\",\"isPartOf\":{\"@id\":\"https:\\\/\\\/www.cortado.com\\\/de\\\/news\\\/neuer-geschaeftsfuehrer-bei-cortado-mobile-solutions\\\/\"},\"author\":{\"name\":\"Simone Fulton\",\"@id\":\"https:\\\/\\\/www.cortado.com\\\/de\\\/#\\\/schema\\\/person\\\/a208d5b9f4830dc26b3fc3b59dd909ea\"},\"headline\":\"Neuer Gesch\u00e4ftsf\u00fchrer bei Cortado Mobile Solutions\",\"datePublished\":\"2023-02-08T08:47:48+00:00\",\"dateModified\":\"2025-01-10T09:37:16+00:00\",\"mainEntityOfPage\":{\"@id\":\"https:\\\/\\\/www.cortado.com\\\/de\\\/news\\\/neuer-geschaeftsfuehrer-bei-cortado-mobile-solutions\\\/\"},\"wordCount\":282,\"image\":{\"@id\":\"https:\\\/\\\/www.cortado.com\\\/de\\\/news\\\/neuer-geschaeftsfuehrer-bei-cortado-mobile-solutions\\\/#primaryimage\"},\"thumbnailUrl\":\"https:\\\/\\\/www.cortado.com\\\/wp-content\\\/uploads\\\/Student-Michael-1-1.jpg\",\"articleSection\":[\"Alle News &amp; Updates\",\"Presseinformationen\"],\"inLanguage\":\"de-DE\"},{\"@type\":\"WebPage\",\"@id\":\"https:\\\/\\\/www.cortado.com\\\/de\\\/news\\\/neuer-geschaeftsfuehrer-bei-cortado-mobile-solutions\\\/\",\"url\":\"https:\\\/\\\/www.cortado.com\\\/de\\\/news\\\/neuer-geschaeftsfuehrer-bei-cortado-mobile-solutions\\\/\",\"name\":\"Cortado Mobile Solutions begr\u00fc\u00dft neuen Gesch\u00e4ftsf\u00fchrer\",\"isPartOf\":{\"@id\":\"https:\\\/\\\/www.cortado.com\\\/de\\\/#website\"},\"primaryImageOfPage\":{\"@id\":\"https:\\\/\\\/www.cortado.com\\\/de\\\/news\\\/neuer-geschaeftsfuehrer-bei-cortado-mobile-solutions\\\/#primaryimage\"},\"image\":{\"@id\":\"https:\\\/\\\/www.cortado.com\\\/de\\\/news\\\/neuer-geschaeftsfuehrer-bei-cortado-mobile-solutions\\\/#primaryimage\"},\"thumbnailUrl\":\"https:\\\/\\\/www.cortado.com\\\/wp-content\\\/uploads\\\/Student-Michael-1-1.jpg\",\"datePublished\":\"2023-02-08T08:47:48+00:00\",\"dateModified\":\"2025-01-10T09:37:16+00:00\",\"author\":{\"@id\":\"https:\\\/\\\/www.cortado.com\\\/de\\\/#\\\/schema\\\/person\\\/a208d5b9f4830dc26b3fc3b59dd909ea\"},\"description\":\"Cortado Mobile Solutions erweitert seine Gesch\u00e4ftsf\u00fchrung. Neuer CEO und Verantwortlicher f\u00fcr den kaufm\u00e4nnischen Teil ist Michael R\u00f6diger.\",\"breadcrumb\":{\"@id\":\"https:\\\/\\\/www.cortado.com\\\/de\\\/news\\\/neuer-geschaeftsfuehrer-bei-cortado-mobile-solutions\\\/#breadcrumb\"},\"inLanguage\":\"de-DE\",\"potentialAction\":[{\"@type\":\"ReadAction\",\"target\":[\"https:\\\/\\\/www.cortado.com\\\/de\\\/news\\\/neuer-geschaeftsfuehrer-bei-cortado-mobile-solutions\\\/\"]}]},{\"@type\":\"ImageObject\",\"inLanguage\":\"de-DE\",\"@id\":\"https:\\\/\\\/www.cortado.com\\\/de\\\/news\\\/neuer-geschaeftsfuehrer-bei-cortado-mobile-solutions\\\/#primaryimage\",\"url\":\"https:\\\/\\\/www.cortado.com\\\/wp-content\\\/uploads\\\/Student-Michael-1-1.jpg\",\"contentUrl\":\"https:\\\/\\\/www.cortado.com\\\/wp-content\\\/uploads\\\/Student-Michael-1-1.jpg\",\"width\":500,\"height\":800},{\"@type\":\"BreadcrumbList\",\"@id\":\"https:\\\/\\\/www.cortado.com\\\/de\\\/news\\\/neuer-geschaeftsfuehrer-bei-cortado-mobile-solutions\\\/#breadcrumb\",\"itemListElement\":[{\"@type\":\"ListItem\",\"position\":1,\"name\":\"Home\",\"item\":\"https:\\\/\\\/www.cortado.com\\\/de\\\/\"},{\"@type\":\"ListItem\",\"position\":2,\"name\":\"Neuer Gesch\u00e4ftsf\u00fchrer bei Cortado Mobile Solutions\"}]},{\"@type\":\"WebSite\",\"@id\":\"https:\\\/\\\/www.cortado.com\\\/de\\\/#website\",\"url\":\"https:\\\/\\\/www.cortado.com\\\/de\\\/\",\"name\":\"Cortado\",\"description\":\"\",\"potentialAction\":[{\"@type\":\"SearchAction\",\"target\":{\"@type\":\"EntryPoint\",\"urlTemplate\":\"https:\\\/\\\/www.cortado.com\\\/de\\\/?s={search_term_string}\"},\"query-input\":{\"@type\":\"PropertyValueSpecification\",\"valueRequired\":true,\"valueName\":\"search_term_string\"}}],\"inLanguage\":\"de-DE\"},{\"@type\":\"Person\",\"@id\":\"https:\\\/\\\/www.cortado.com\\\/de\\\/#\\\/schema\\\/person\\\/a208d5b9f4830dc26b3fc3b59dd909ea\",\"name\":\"Simone Fulton\",\"image\":{\"@type\":\"ImageObject\",\"inLanguage\":\"de-DE\",\"@id\":\"https:\\\/\\\/secure.gravatar.com\\\/avatar\\\/40636cdacf48abcbccbdd0b19f88fbab69252a38f765fb1d02b033d491a6f98f?s=96&d=mm&r=g\",\"url\":\"https:\\\/\\\/secure.gravatar.com\\\/avatar\\\/40636cdacf48abcbccbdd0b19f88fbab69252a38f765fb1d02b033d491a6f98f?s=96&d=mm&r=g\",\"contentUrl\":\"https:\\\/\\\/secure.gravatar.com\\\/avatar\\\/40636cdacf48abcbccbdd0b19f88fbab69252a38f765fb1d02b033d491a6f98f?s=96&d=mm&r=g\",\"caption\":\"Simone Fulton\"}}]}<\/script>\n<!-- \/ Yoast SEO Premium plugin. -->","yoast_head_json":{"title":"Cortado Mobile Solutions begr\u00fc\u00dft neuen Gesch\u00e4ftsf\u00fchrer","description":"Cortado Mobile Solutions erweitert seine Gesch\u00e4ftsf\u00fchrung. Neuer CEO und Verantwortlicher f\u00fcr den kaufm\u00e4nnischen Teil ist Michael R\u00f6diger.","robots":{"index":"index","follow":"follow","max-snippet":"max-snippet:-1","max-image-preview":"max-image-preview:large","max-video-preview":"max-video-preview:-1"},"canonical":"https:\/\/www.cortado.com\/de\/news\/neuer-geschaeftsfuehrer-bei-cortado-mobile-solutions\/","og_locale":"de_DE","og_type":"article","og_title":"Neuer Gesch\u00e4ftsf\u00fchrer bei Cortado Mobile Solutions","og_description":"Cortado Mobile Solutions erweitert seine Gesch\u00e4ftsf\u00fchrung. Neuer CEO und Verantwortlicher f\u00fcr den kaufm\u00e4nnischen Teil ist Michael R\u00f6diger.","og_url":"https:\/\/www.cortado.com\/de\/news\/neuer-geschaeftsfuehrer-bei-cortado-mobile-solutions\/","og_site_name":"Cortado","article_publisher":"https:\/\/www.facebook.com\/CortadoMobileSolutions\/","article_published_time":"2023-02-08T08:47:48+00:00","article_modified_time":"2025-01-10T09:37:16+00:00","og_image":[{"width":500,"height":800,"url":"https:\/\/www.cortado.com\/wp-content\/uploads\/Student-Michael-1-1.jpg","type":"image\/jpeg"}],"author":"Simone Fulton","twitter_card":"summary_large_image","twitter_creator":"@cortado_com","twitter_site":"@cortado_com","twitter_misc":{"Verfasst von":"Simone Fulton","Gesch\u00e4tzte Lesezeit":"2 Minuten"},"schema":{"@context":"https:\/\/schema.org","@graph":[{"@type":"Article","@id":"https:\/\/www.cortado.com\/de\/news\/neuer-geschaeftsfuehrer-bei-cortado-mobile-solutions\/#article","isPartOf":{"@id":"https:\/\/www.cortado.com\/de\/news\/neuer-geschaeftsfuehrer-bei-cortado-mobile-solutions\/"},"author":{"name":"Simone Fulton","@id":"https:\/\/www.cortado.com\/de\/#\/schema\/person\/a208d5b9f4830dc26b3fc3b59dd909ea"},"headline":"Neuer Gesch\u00e4ftsf\u00fchrer bei Cortado Mobile Solutions","datePublished":"2023-02-08T08:47:48+00:00","dateModified":"2025-01-10T09:37:16+00:00","mainEntityOfPage":{"@id":"https:\/\/www.cortado.com\/de\/news\/neuer-geschaeftsfuehrer-bei-cortado-mobile-solutions\/"},"wordCount":282,"image":{"@id":"https:\/\/www.cortado.com\/de\/news\/neuer-geschaeftsfuehrer-bei-cortado-mobile-solutions\/#primaryimage"},"thumbnailUrl":"https:\/\/www.cortado.com\/wp-content\/uploads\/Student-Michael-1-1.jpg","articleSection":["Alle News &amp; Updates","Presseinformationen"],"inLanguage":"de-DE"},{"@type":"WebPage","@id":"https:\/\/www.cortado.com\/de\/news\/neuer-geschaeftsfuehrer-bei-cortado-mobile-solutions\/","url":"https:\/\/www.cortado.com\/de\/news\/neuer-geschaeftsfuehrer-bei-cortado-mobile-solutions\/","name":"Cortado Mobile Solutions begr\u00fc\u00dft neuen Gesch\u00e4ftsf\u00fchrer","isPartOf":{"@id":"https:\/\/www.cortado.com\/de\/#website"},"primaryImageOfPage":{"@id":"https:\/\/www.cortado.com\/de\/news\/neuer-geschaeftsfuehrer-bei-cortado-mobile-solutions\/#primaryimage"},"image":{"@id":"https:\/\/www.cortado.com\/de\/news\/neuer-geschaeftsfuehrer-bei-cortado-mobile-solutions\/#primaryimage"},"thumbnailUrl":"https:\/\/www.cortado.com\/wp-content\/uploads\/Student-Michael-1-1.jpg","datePublished":"2023-02-08T08:47:48+00:00","dateModified":"2025-01-10T09:37:16+00:00","author":{"@id":"https:\/\/www.cortado.com\/de\/#\/schema\/person\/a208d5b9f4830dc26b3fc3b59dd909ea"},"description":"Cortado Mobile Solutions erweitert seine Gesch\u00e4ftsf\u00fchrung. Neuer CEO und Verantwortlicher f\u00fcr den kaufm\u00e4nnischen Teil ist Michael R\u00f6diger.","breadcrumb":{"@id":"https:\/\/www.cortado.com\/de\/news\/neuer-geschaeftsfuehrer-bei-cortado-mobile-solutions\/#breadcrumb"},"inLanguage":"de-DE","potentialAction":[{"@type":"ReadAction","target":["https:\/\/www.cortado.com\/de\/news\/neuer-geschaeftsfuehrer-bei-cortado-mobile-solutions\/"]}]},{"@type":"ImageObject","inLanguage":"de-DE","@id":"https:\/\/www.cortado.com\/de\/news\/neuer-geschaeftsfuehrer-bei-cortado-mobile-solutions\/#primaryimage","url":"https:\/\/www.cortado.com\/wp-content\/uploads\/Student-Michael-1-1.jpg","contentUrl":"https:\/\/www.cortado.com\/wp-content\/uploads\/Student-Michael-1-1.jpg","width":500,"height":800},{"@type":"BreadcrumbList","@id":"https:\/\/www.cortado.com\/de\/news\/neuer-geschaeftsfuehrer-bei-cortado-mobile-solutions\/#breadcrumb","itemListElement":[{"@type":"ListItem","position":1,"name":"Home","item":"https:\/\/www.cortado.com\/de\/"},{"@type":"ListItem","position":2,"name":"Neuer Gesch\u00e4ftsf\u00fchrer bei Cortado Mobile Solutions"}]},{"@type":"WebSite","@id":"https:\/\/www.cortado.com\/de\/#website","url":"https:\/\/www.cortado.com\/de\/","name":"Cortado","description":"","potentialAction":[{"@type":"SearchAction","target":{"@type":"EntryPoint","urlTemplate":"https:\/\/www.cortado.com\/de\/?s={search_term_string}"},"query-input":{"@type":"PropertyValueSpecification","valueRequired":true,"valueName":"search_term_string"}}],"inLanguage":"de-DE"},{"@type":"Person","@id":"https:\/\/www.cortado.com\/de\/#\/schema\/person\/a208d5b9f4830dc26b3fc3b59dd909ea","name":"Simone Fulton","image":{"@type":"ImageObject","inLanguage":"de-DE","@id":"https:\/\/secure.gravatar.com\/avatar\/40636cdacf48abcbccbdd0b19f88fbab69252a38f765fb1d02b033d491a6f98f?s=96&d=mm&r=g","url":"https:\/\/secure.gravatar.com\/avatar\/40636cdacf48abcbccbdd0b19f88fbab69252a38f765fb1d02b033d491a6f98f?s=96&d=mm&r=g","contentUrl":"https:\/\/secure.gravatar.com\/avatar\/40636cdacf48abcbccbdd0b19f88fbab69252a38f765fb1d02b033d491a6f98f?s=96&d=mm&r=g","caption":"Simone Fulton"}}]}},"author_meta":{"display_name":"Simone Fulton","author_link":"https:\/\/www.cortado.com\/de\/author\/siklu\/"},"featured_img":"https:\/\/www.cortado.com\/wp-content\/uploads\/Student-Michael-1-1-188x300.jpg","coauthors":[],"tax_additional":{"categories":{"linked":["<a href=\"https:\/\/www.cortado.com\/de\/kategorie\/news\/\" class=\"advgb-post-tax-term\">Alle News &amp; Updates<\/a>","<a href=\"https:\/\/www.cortado.com\/de\/kategorie\/pr\/\" class=\"advgb-post-tax-term\">Presseinformationen<\/a>"],"unlinked":["<span class=\"advgb-post-tax-term\">Alle News &amp; Updates<\/span>","<span class=\"advgb-post-tax-term\">Presseinformationen<\/span>"]}},"comment_count":"0","relative_dates":{"created":"Ver\u00f6ffentlicht 3 Jahren vor","modified":"Aktualisiert 1 Jahr vor"},"absolute_dates":{"created":"Ver\u00f6ffentlicht am Februar 8, 2023","modified":"Aktualisiert am Januar 10, 2025"},"absolute_dates_time":{"created":"Ver\u00f6ffentlicht am Februar 8, 2023 8:47 am","modified":"Aktualisiert am Januar 10, 2025 9:37 am"},"featured_img_caption":"","series_order":"","_links":{"self":[{"href":"https:\/\/www.cortado.com\/de\/wp-json\/wp\/v2\/posts\/7834","targetHints":{"allow":["GET"]}}],"collection":[{"href":"https:\/\/www.cortado.com\/de\/wp-json\/wp\/v2\/posts"}],"about":[{"href":"https:\/\/www.cortado.com\/de\/wp-json\/wp\/v2\/types\/post"}],"author":[{"embeddable":true,"href":"https:\/\/www.cortado.com\/de\/wp-json\/wp\/v2\/users\/8"}],"replies":[{"embeddable":true,"href":"https:\/\/www.cortado.com\/de\/wp-json\/wp\/v2\/comments?post=7834"}],"version-history":[{"count":0,"href":"https:\/\/www.cortado.com\/de\/wp-json\/wp\/v2\/posts\/7834\/revisions"}],"wp:featuredmedia":[{"embeddable":true,"href":"https:\/\/www.cortado.com\/de\/wp-json\/wp\/v2\/media\/7447"}],"wp:attachment":[{"href":"https:\/\/www.cortado.com\/de\/wp-json\/wp\/v2\/media?parent=7834"}],"wp:term":[{"taxonomy":"category","embeddable":true,"href":"https:\/\/www.cortado.com\/de\/wp-json\/wp\/v2\/categories?post=7834"},{"taxonomy":"post_tag","embeddable":true,"href":"https:\/\/www.cortado.com\/de\/wp-json\/wp\/v2\/tags?post=7834"}],"curies":[{"name":"wp","href":"https:\/\/api.w.org\/{rel}","templated":true}]}}